{"id":4191,"date":"2026-01-28T11:54:13","date_gmt":"2026-01-28T10:54:13","guid":{"rendered":"https:\/\/saintlouis-lapaix.com\/lycee-saint-louis\/?p=4191"},"modified":"2026-02-03T08:40:11","modified_gmt":"2026-02-03T07:40:11","slug":"les-secondes-sinitient-a-lintelligence-artificielle-generative-iag","status":"publish","type":"post","link":"https:\/\/saintlouis-lapaix.com\/lycee-saint-louis\/les-secondes-sinitient-a-lintelligence-artificielle-generative-iag\/","title":{"rendered":"Les secondes s&rsquo;initient \u00e0 l&rsquo;intelligence artificielle g\u00e9n\u00e9rative (IAg)"},"content":{"rendered":"<p>Tous les \u00e9l\u00e8ves de seconde on fait une s\u00e9ance, avec les professeurs documentalistes, au CDI,\u00a0 sur les diff\u00e9rents aspect de l&rsquo;IAG afin de mieux comprendre son fonctionnement, ses limites et ses enjeux \u00e9thiques.<\/p>\n","protected":false},"excerpt":{"rendered":"<p>Tous les \u00e9l\u00e8ves de seconde on fait une s\u00e9ance, avec les professeurs documentalistes, au CDI,\u00a0 sur les diff\u00e9rents aspect de&hellip;<\/p>\n","protected":false},"author":11,"featured_media":4192,"comment_status":"closed","ping_status":"closed","sticky":true,"template":"","format":"standard","meta":{"_acf_changed":false,"footnotes":""},"categories":[28],"tags":[33],"class_list":["post-4191","post","type-post","status-publish","format-standard","has-post-thumbnail","hentry","category-cdi","tag-intelligence-artificielle"],"acf":[],"yoast_head":"<!-- This site is optimized with the Yoast SEO plugin v27.5 - https:\/\/yoast.com\/product\/yoast-seo-wordpress\/ -->\n<title>Les secondes s&#039;initient \u00e0 l&#039;intelligence artificielle g\u00e9n\u00e9rative (IAg) - Lyc\u00e9e Saint-Louis<\/title>\n<meta name=\"robots\" content=\"index, follow, max-snippet:-1, max-image-preview:large, max-video-preview:-1\" \/>\n<link rel=\"canonical\" href=\"https:\/\/saintlouis-lapaix.com\/lycee-saint-louis\/les-secondes-sinitient-a-lintelligence-artificielle-generative-iag\/\" \/>\n<meta property=\"og:locale\" content=\"fr_FR\" \/>\n<meta property=\"og:type\" content=\"article\" \/>\n<meta property=\"og:title\" content=\"Les secondes s&#039;initient \u00e0 l&#039;intelligence artificielle g\u00e9n\u00e9rative (IAg) - Lyc\u00e9e Saint-Louis\" \/>\n<meta property=\"og:description\" content=\"Tous les \u00e9l\u00e8ves de seconde on fait une s\u00e9ance, avec les professeurs documentalistes, au CDI,\u00a0 sur les diff\u00e9rents aspect de&hellip;\" \/>\n<meta property=\"og:url\" content=\"https:\/\/saintlouis-lapaix.com\/lycee-saint-louis\/les-secondes-sinitient-a-lintelligence-artificielle-generative-iag\/\" \/>\n<meta property=\"og:site_name\" content=\"Lyc\u00e9e Saint-Louis\" \/>\n<meta property=\"article:published_time\" content=\"2026-01-28T10:54:13+00:00\" \/>\n<meta property=\"article:modified_time\" content=\"2026-02-03T07:40:11+00:00\" \/>\n<meta property=\"og:image\" content=\"https:\/\/saintlouis-lapaix.com\/lycee-saint-louis\/wp-content\/uploads\/sites\/3\/2026\/01\/Blue-The-brand-iceberg-Story-A3.jpg\" \/>\n\t<meta property=\"og:image:width\" content=\"2000\" \/>\n\t<meta property=\"og:image:height\" content=\"1414\" \/>\n\t<meta property=\"og:image:type\" content=\"image\/jpeg\" \/>\n<meta name=\"author\" content=\"cdistlouis\" \/>\n<meta name=\"twitter:card\" content=\"summary_large_image\" \/>\n<meta name=\"twitter:label1\" content=\"\u00c9crit par\" \/>\n\t<meta name=\"twitter:data1\" content=\"cdistlouis\" \/>\n\t<meta name=\"twitter:label2\" content=\"Dur\u00e9e de lecture estim\u00e9e\" \/>\n\t<meta name=\"twitter:data2\" content=\"1 minute\" \/>\n<script type=\"application\/ld+json\" class=\"yoast-schema-graph\">{\"@context\":\"https:\\\/\\\/schema.org\",\"@graph\":[{\"@type\":\"Article\",\"@id\":\"https:\\\/\\\/saintlouis-lapaix.com\\\/lycee-saint-louis\\\/les-secondes-sinitient-a-lintelligence-artificielle-generative-iag\\\/#article\",\"isPartOf\":{\"@id\":\"https:\\\/\\\/saintlouis-lapaix.com\\\/lycee-saint-louis\\\/les-secondes-sinitient-a-lintelligence-artificielle-generative-iag\\\/\"},\"author\":{\"name\":\"cdistlouis\",\"@id\":\"https:\\\/\\\/saintlouis-lapaix.com\\\/lycee-saint-louis\\\/#\\\/schema\\\/person\\\/2e92d54989ea5aa50eac9d8b4f1aee4a\"},\"headline\":\"Les secondes s&rsquo;initient \u00e0 l&rsquo;intelligence artificielle g\u00e9n\u00e9rative (IAg)\",\"datePublished\":\"2026-01-28T10:54:13+00:00\",\"dateModified\":\"2026-02-03T07:40:11+00:00\",\"mainEntityOfPage\":{\"@id\":\"https:\\\/\\\/saintlouis-lapaix.com\\\/lycee-saint-louis\\\/les-secondes-sinitient-a-lintelligence-artificielle-generative-iag\\\/\"},\"wordCount\":48,\"image\":{\"@id\":\"https:\\\/\\\/saintlouis-lapaix.com\\\/lycee-saint-louis\\\/les-secondes-sinitient-a-lintelligence-artificielle-generative-iag\\\/#primaryimage\"},\"thumbnailUrl\":\"https:\\\/\\\/saintlouis-lapaix.com\\\/lycee-saint-louis\\\/wp-content\\\/uploads\\\/sites\\\/3\\\/2026\\\/01\\\/Blue-The-brand-iceberg-Story-A3.jpg\",\"keywords\":[\"Intelligence artificielle\"],\"articleSection\":[\"CDI\"],\"inLanguage\":\"fr-FR\"},{\"@type\":\"WebPage\",\"@id\":\"https:\\\/\\\/saintlouis-lapaix.com\\\/lycee-saint-louis\\\/les-secondes-sinitient-a-lintelligence-artificielle-generative-iag\\\/\",\"url\":\"https:\\\/\\\/saintlouis-lapaix.com\\\/lycee-saint-louis\\\/les-secondes-sinitient-a-lintelligence-artificielle-generative-iag\\\/\",\"name\":\"Les secondes s'initient \u00e0 l'intelligence artificielle g\u00e9n\u00e9rative (IAg) - Lyc\u00e9e Saint-Louis\",\"isPartOf\":{\"@id\":\"https:\\\/\\\/saintlouis-lapaix.com\\\/lycee-saint-louis\\\/#website\"},\"primaryImageOfPage\":{\"@id\":\"https:\\\/\\\/saintlouis-lapaix.com\\\/lycee-saint-louis\\\/les-secondes-sinitient-a-lintelligence-artificielle-generative-iag\\\/#primaryimage\"},\"image\":{\"@id\":\"https:\\\/\\\/saintlouis-lapaix.com\\\/lycee-saint-louis\\\/les-secondes-sinitient-a-lintelligence-artificielle-generative-iag\\\/#primaryimage\"},\"thumbnailUrl\":\"https:\\\/\\\/saintlouis-lapaix.com\\\/lycee-saint-louis\\\/wp-content\\\/uploads\\\/sites\\\/3\\\/2026\\\/01\\\/Blue-The-brand-iceberg-Story-A3.jpg\",\"datePublished\":\"2026-01-28T10:54:13+00:00\",\"dateModified\":\"2026-02-03T07:40:11+00:00\",\"author\":{\"@id\":\"https:\\\/\\\/saintlouis-lapaix.com\\\/lycee-saint-louis\\\/#\\\/schema\\\/person\\\/2e92d54989ea5aa50eac9d8b4f1aee4a\"},\"breadcrumb\":{\"@id\":\"https:\\\/\\\/saintlouis-lapaix.com\\\/lycee-saint-louis\\\/les-secondes-sinitient-a-lintelligence-artificielle-generative-iag\\\/#breadcrumb\"},\"inLanguage\":\"fr-FR\",\"potentialAction\":[{\"@type\":\"ReadAction\",\"target\":[\"https:\\\/\\\/saintlouis-lapaix.com\\\/lycee-saint-louis\\\/les-secondes-sinitient-a-lintelligence-artificielle-generative-iag\\\/\"]}]},{\"@type\":\"ImageObject\",\"inLanguage\":\"fr-FR\",\"@id\":\"https:\\\/\\\/saintlouis-lapaix.com\\\/lycee-saint-louis\\\/les-secondes-sinitient-a-lintelligence-artificielle-generative-iag\\\/#primaryimage\",\"url\":\"https:\\\/\\\/saintlouis-lapaix.com\\\/lycee-saint-louis\\\/wp-content\\\/uploads\\\/sites\\\/3\\\/2026\\\/01\\\/Blue-The-brand-iceberg-Story-A3.jpg\",\"contentUrl\":\"https:\\\/\\\/saintlouis-lapaix.com\\\/lycee-saint-louis\\\/wp-content\\\/uploads\\\/sites\\\/3\\\/2026\\\/01\\\/Blue-The-brand-iceberg-Story-A3.jpg\",\"width\":2000,\"height\":1414},{\"@type\":\"BreadcrumbList\",\"@id\":\"https:\\\/\\\/saintlouis-lapaix.com\\\/lycee-saint-louis\\\/les-secondes-sinitient-a-lintelligence-artificielle-generative-iag\\\/#breadcrumb\",\"itemListElement\":[{\"@type\":\"ListItem\",\"position\":1,\"name\":\"Accueil\",\"item\":\"https:\\\/\\\/saintlouis-lapaix.com\\\/lycee-saint-louis\\\/\"},{\"@type\":\"ListItem\",\"position\":2,\"name\":\"Les secondes s&rsquo;initient \u00e0 l&rsquo;intelligence artificielle g\u00e9n\u00e9rative (IAg)\"}]},{\"@type\":\"WebSite\",\"@id\":\"https:\\\/\\\/saintlouis-lapaix.com\\\/lycee-saint-louis\\\/#website\",\"url\":\"https:\\\/\\\/saintlouis-lapaix.com\\\/lycee-saint-louis\\\/\",\"name\":\"Lyc\u00e9e Saint-Louis\",\"description\":\"Lyc\u00e9e d\u2019Enseignement G\u00e9n\u00e9ral et Technologique\",\"potentialAction\":[{\"@type\":\"SearchAction\",\"target\":{\"@type\":\"EntryPoint\",\"urlTemplate\":\"https:\\\/\\\/saintlouis-lapaix.com\\\/lycee-saint-louis\\\/?s={search_term_string}\"},\"query-input\":{\"@type\":\"PropertyValueSpecification\",\"valueRequired\":true,\"valueName\":\"search_term_string\"}}],\"inLanguage\":\"fr-FR\"},{\"@type\":\"Person\",\"@id\":\"https:\\\/\\\/saintlouis-lapaix.com\\\/lycee-saint-louis\\\/#\\\/schema\\\/person\\\/2e92d54989ea5aa50eac9d8b4f1aee4a\",\"name\":\"cdistlouis\",\"image\":{\"@type\":\"ImageObject\",\"inLanguage\":\"fr-FR\",\"@id\":\"https:\\\/\\\/secure.gravatar.com\\\/avatar\\\/5c135a7db8073f3dcaf47ec336d69878177b1226c7fbd4588449fafd72b6749b?s=96&d=mm&r=g\",\"url\":\"https:\\\/\\\/secure.gravatar.com\\\/avatar\\\/5c135a7db8073f3dcaf47ec336d69878177b1226c7fbd4588449fafd72b6749b?s=96&d=mm&r=g\",\"contentUrl\":\"https:\\\/\\\/secure.gravatar.com\\\/avatar\\\/5c135a7db8073f3dcaf47ec336d69878177b1226c7fbd4588449fafd72b6749b?s=96&d=mm&r=g\",\"caption\":\"cdistlouis\"}}]}<\/script>\n<!-- \/ Yoast SEO plugin. -->","yoast_head_json":{"title":"Les secondes s'initient \u00e0 l'intelligence artificielle g\u00e9n\u00e9rative (IAg) - Lyc\u00e9e Saint-Louis","robots":{"index":"index","follow":"follow","max-snippet":"max-snippet:-1","max-image-preview":"max-image-preview:large","max-video-preview":"max-video-preview:-1"},"canonical":"https:\/\/saintlouis-lapaix.com\/lycee-saint-louis\/les-secondes-sinitient-a-lintelligence-artificielle-generative-iag\/","og_locale":"fr_FR","og_type":"article","og_title":"Les secondes s'initient \u00e0 l'intelligence artificielle g\u00e9n\u00e9rative (IAg) - Lyc\u00e9e Saint-Louis","og_description":"Tous les \u00e9l\u00e8ves de seconde on fait une s\u00e9ance, avec les professeurs documentalistes, au CDI,\u00a0 sur les diff\u00e9rents aspect de&hellip;","og_url":"https:\/\/saintlouis-lapaix.com\/lycee-saint-louis\/les-secondes-sinitient-a-lintelligence-artificielle-generative-iag\/","og_site_name":"Lyc\u00e9e Saint-Louis","article_published_time":"2026-01-28T10:54:13+00:00","article_modified_time":"2026-02-03T07:40:11+00:00","og_image":[{"width":2000,"height":1414,"url":"https:\/\/saintlouis-lapaix.com\/lycee-saint-louis\/wp-content\/uploads\/sites\/3\/2026\/01\/Blue-The-brand-iceberg-Story-A3.jpg","type":"image\/jpeg"}],"author":"cdistlouis","twitter_card":"summary_large_image","twitter_misc":{"\u00c9crit par":"cdistlouis","Dur\u00e9e de lecture estim\u00e9e":"1 minute"},"schema":{"@context":"https:\/\/schema.org","@graph":[{"@type":"Article","@id":"https:\/\/saintlouis-lapaix.com\/lycee-saint-louis\/les-secondes-sinitient-a-lintelligence-artificielle-generative-iag\/#article","isPartOf":{"@id":"https:\/\/saintlouis-lapaix.com\/lycee-saint-louis\/les-secondes-sinitient-a-lintelligence-artificielle-generative-iag\/"},"author":{"name":"cdistlouis","@id":"https:\/\/saintlouis-lapaix.com\/lycee-saint-louis\/#\/schema\/person\/2e92d54989ea5aa50eac9d8b4f1aee4a"},"headline":"Les secondes s&rsquo;initient \u00e0 l&rsquo;intelligence artificielle g\u00e9n\u00e9rative (IAg)","datePublished":"2026-01-28T10:54:13+00:00","dateModified":"2026-02-03T07:40:11+00:00","mainEntityOfPage":{"@id":"https:\/\/saintlouis-lapaix.com\/lycee-saint-louis\/les-secondes-sinitient-a-lintelligence-artificielle-generative-iag\/"},"wordCount":48,"image":{"@id":"https:\/\/saintlouis-lapaix.com\/lycee-saint-louis\/les-secondes-sinitient-a-lintelligence-artificielle-generative-iag\/#primaryimage"},"thumbnailUrl":"https:\/\/saintlouis-lapaix.com\/lycee-saint-louis\/wp-content\/uploads\/sites\/3\/2026\/01\/Blue-The-brand-iceberg-Story-A3.jpg","keywords":["Intelligence artificielle"],"articleSection":["CDI"],"inLanguage":"fr-FR"},{"@type":"WebPage","@id":"https:\/\/saintlouis-lapaix.com\/lycee-saint-louis\/les-secondes-sinitient-a-lintelligence-artificielle-generative-iag\/","url":"https:\/\/saintlouis-lapaix.com\/lycee-saint-louis\/les-secondes-sinitient-a-lintelligence-artificielle-generative-iag\/","name":"Les secondes s'initient \u00e0 l'intelligence artificielle g\u00e9n\u00e9rative (IAg) - Lyc\u00e9e Saint-Louis","isPartOf":{"@id":"https:\/\/saintlouis-lapaix.com\/lycee-saint-louis\/#website"},"primaryImageOfPage":{"@id":"https:\/\/saintlouis-lapaix.com\/lycee-saint-louis\/les-secondes-sinitient-a-lintelligence-artificielle-generative-iag\/#primaryimage"},"image":{"@id":"https:\/\/saintlouis-lapaix.com\/lycee-saint-louis\/les-secondes-sinitient-a-lintelligence-artificielle-generative-iag\/#primaryimage"},"thumbnailUrl":"https:\/\/saintlouis-lapaix.com\/lycee-saint-louis\/wp-content\/uploads\/sites\/3\/2026\/01\/Blue-The-brand-iceberg-Story-A3.jpg","datePublished":"2026-01-28T10:54:13+00:00","dateModified":"2026-02-03T07:40:11+00:00","author":{"@id":"https:\/\/saintlouis-lapaix.com\/lycee-saint-louis\/#\/schema\/person\/2e92d54989ea5aa50eac9d8b4f1aee4a"},"breadcrumb":{"@id":"https:\/\/saintlouis-lapaix.com\/lycee-saint-louis\/les-secondes-sinitient-a-lintelligence-artificielle-generative-iag\/#breadcrumb"},"inLanguage":"fr-FR","potentialAction":[{"@type":"ReadAction","target":["https:\/\/saintlouis-lapaix.com\/lycee-saint-louis\/les-secondes-sinitient-a-lintelligence-artificielle-generative-iag\/"]}]},{"@type":"ImageObject","inLanguage":"fr-FR","@id":"https:\/\/saintlouis-lapaix.com\/lycee-saint-louis\/les-secondes-sinitient-a-lintelligence-artificielle-generative-iag\/#primaryimage","url":"https:\/\/saintlouis-lapaix.com\/lycee-saint-louis\/wp-content\/uploads\/sites\/3\/2026\/01\/Blue-The-brand-iceberg-Story-A3.jpg","contentUrl":"https:\/\/saintlouis-lapaix.com\/lycee-saint-louis\/wp-content\/uploads\/sites\/3\/2026\/01\/Blue-The-brand-iceberg-Story-A3.jpg","width":2000,"height":1414},{"@type":"BreadcrumbList","@id":"https:\/\/saintlouis-lapaix.com\/lycee-saint-louis\/les-secondes-sinitient-a-lintelligence-artificielle-generative-iag\/#breadcrumb","itemListElement":[{"@type":"ListItem","position":1,"name":"Accueil","item":"https:\/\/saintlouis-lapaix.com\/lycee-saint-louis\/"},{"@type":"ListItem","position":2,"name":"Les secondes s&rsquo;initient \u00e0 l&rsquo;intelligence artificielle g\u00e9n\u00e9rative (IAg)"}]},{"@type":"WebSite","@id":"https:\/\/saintlouis-lapaix.com\/lycee-saint-louis\/#website","url":"https:\/\/saintlouis-lapaix.com\/lycee-saint-louis\/","name":"Lyc\u00e9e Saint-Louis","description":"Lyc\u00e9e d\u2019Enseignement G\u00e9n\u00e9ral et Technologique","potentialAction":[{"@type":"SearchAction","target":{"@type":"EntryPoint","urlTemplate":"https:\/\/saintlouis-lapaix.com\/lycee-saint-louis\/?s={search_term_string}"},"query-input":{"@type":"PropertyValueSpecification","valueRequired":true,"valueName":"search_term_string"}}],"inLanguage":"fr-FR"},{"@type":"Person","@id":"https:\/\/saintlouis-lapaix.com\/lycee-saint-louis\/#\/schema\/person\/2e92d54989ea5aa50eac9d8b4f1aee4a","name":"cdistlouis","image":{"@type":"ImageObject","inLanguage":"fr-FR","@id":"https:\/\/secure.gravatar.com\/avatar\/5c135a7db8073f3dcaf47ec336d69878177b1226c7fbd4588449fafd72b6749b?s=96&d=mm&r=g","url":"https:\/\/secure.gravatar.com\/avatar\/5c135a7db8073f3dcaf47ec336d69878177b1226c7fbd4588449fafd72b6749b?s=96&d=mm&r=g","contentUrl":"https:\/\/secure.gravatar.com\/avatar\/5c135a7db8073f3dcaf47ec336d69878177b1226c7fbd4588449fafd72b6749b?s=96&d=mm&r=g","caption":"cdistlouis"}}]}},"_links":{"self":[{"href":"https:\/\/saintlouis-lapaix.com\/lycee-saint-louis\/wp-json\/wp\/v2\/posts\/4191","targetHints":{"allow":["GET"]}}],"collection":[{"href":"https:\/\/saintlouis-lapaix.com\/lycee-saint-louis\/wp-json\/wp\/v2\/posts"}],"about":[{"href":"https:\/\/saintlouis-lapaix.com\/lycee-saint-louis\/wp-json\/wp\/v2\/types\/post"}],"author":[{"embeddable":true,"href":"https:\/\/saintlouis-lapaix.com\/lycee-saint-louis\/wp-json\/wp\/v2\/users\/11"}],"replies":[{"embeddable":true,"href":"https:\/\/saintlouis-lapaix.com\/lycee-saint-louis\/wp-json\/wp\/v2\/comments?post=4191"}],"version-history":[{"count":2,"href":"https:\/\/saintlouis-lapaix.com\/lycee-saint-louis\/wp-json\/wp\/v2\/posts\/4191\/revisions"}],"predecessor-version":[{"id":4194,"href":"https:\/\/saintlouis-lapaix.com\/lycee-saint-louis\/wp-json\/wp\/v2\/posts\/4191\/revisions\/4194"}],"wp:featuredmedia":[{"embeddable":true,"href":"https:\/\/saintlouis-lapaix.com\/lycee-saint-louis\/wp-json\/wp\/v2\/media\/4192"}],"wp:attachment":[{"href":"https:\/\/saintlouis-lapaix.com\/lycee-saint-louis\/wp-json\/wp\/v2\/media?parent=4191"}],"wp:term":[{"taxonomy":"category","embeddable":true,"href":"https:\/\/saintlouis-lapaix.com\/lycee-saint-louis\/wp-json\/wp\/v2\/categories?post=4191"},{"taxonomy":"post_tag","embeddable":true,"href":"https:\/\/saintlouis-lapaix.com\/lycee-saint-louis\/wp-json\/wp\/v2\/tags?post=4191"}],"curies":[{"name":"wp","href":"https:\/\/api.w.org\/{rel}","templated":true}]}}