{"id":4127,"date":"2026-02-02T16:36:23","date_gmt":"2026-02-02T15:36:23","guid":{"rendered":"https:\/\/saintlouis-lapaix.com\/lycee-saint-louis\/?p=4127"},"modified":"2026-02-06T14:34:15","modified_gmt":"2026-02-06T13:34:15","slug":"journees-portes-ouvertes-2026","status":"publish","type":"post","link":"https:\/\/saintlouis-lapaix.com\/lycee-saint-louis\/journees-portes-ouvertes-2026\/","title":{"rendered":"Journ\u00e9es Portes Ouvertes 2026"},"content":{"rendered":"<h3><span style=\"color: #008080;\">Journ\u00e9es Portes Ouvertes, Lyc\u00e9e Saint-Louis (et\u00a0<a style=\"color: #008080;\" href=\"https:\/\/saintlouis-lapaix.com\/lycee-la-paix\/\" target=\"_blank\" rel=\"noopener\">Lyc\u00e9e Notre Dame de la Paix<\/a>)<\/span><\/h3>\n<p>Vous pouvez rencontrer les \u00e9quipes p\u00e9dagogiques du Lyc\u00e9e Saint-Louis, 5 rue P\u00e9rault \u00e0 Lorient et du Groupe Scolaire Saint-Louis La Paix (\u00e0 Lorient et \u00e0 Ploemeur) lors des <strong>Journ\u00e9es Portes Ouvertes<\/strong>, qui auront lieu\u00a0<strong>le vendredi 6 f\u00e9vrier 2026, de 16h30 \u00e0 19h et le samedi 7 f\u00e9vrier 2026, de 9h \u00e0 13h.<\/strong><\/p>\n<p><img decoding=\"async\" class=\"alignnone wp-image-4126 size-large\" src=\"https:\/\/saintlouis-lapaix.com\/lycee-saint-louis\/wp-content\/uploads\/sites\/3\/2026\/01\/visuel-web-JPO-26-1024x576.jpg\" alt=\"\" width=\"1024\" height=\"576\" srcset=\"https:\/\/saintlouis-lapaix.com\/lycee-saint-louis\/wp-content\/uploads\/sites\/3\/2026\/01\/visuel-web-JPO-26-1024x576.jpg 1024w, https:\/\/saintlouis-lapaix.com\/lycee-saint-louis\/wp-content\/uploads\/sites\/3\/2026\/01\/visuel-web-JPO-26-300x169.jpg 300w, https:\/\/saintlouis-lapaix.com\/lycee-saint-louis\/wp-content\/uploads\/sites\/3\/2026\/01\/visuel-web-JPO-26-768x432.jpg 768w, https:\/\/saintlouis-lapaix.com\/lycee-saint-louis\/wp-content\/uploads\/sites\/3\/2026\/01\/visuel-web-JPO-26-1536x864.jpg 1536w, https:\/\/saintlouis-lapaix.com\/lycee-saint-louis\/wp-content\/uploads\/sites\/3\/2026\/01\/visuel-web-JPO-26-2048x1152.jpg 2048w, https:\/\/saintlouis-lapaix.com\/lycee-saint-louis\/wp-content\/uploads\/sites\/3\/2026\/01\/visuel-web-JPO-26-750x422.jpg 750w, https:\/\/saintlouis-lapaix.com\/lycee-saint-louis\/wp-content\/uploads\/sites\/3\/2026\/01\/visuel-web-JPO-26-1200x675.jpg 1200w\" sizes=\"(max-width: 1024px) 100vw, 1024px\" \/><\/p>\n<p>Au programme : vous pourrez visiter le lyc\u00e9e Saint-Louis, et \u00e9changer avec les \u00e9quipes p\u00e9dagogiques de notre \u00e9tablissement ainsi que les \u00e9l\u00e8ves. Ces journ\u00e9es vous permettront de choisir le meilleur parcours d&rsquo;orientation pour les lyc\u00e9ens qui souhaitent nous rejoindre.<\/p>\n<p><div class=\"video-container youtube\" style=\"padding-bottom: 56.2%;\"><iframe loading=\"lazy\" title=\"Visite du Lyc\u00e9e Saint-Louis avec les \u00e9l\u00e8ves\" width=\"500\" height=\"281\" src=\"https:\/\/www.youtube.com\/embed\/jtE-8aNWbM4?feature=oembed&#038;enablejsapi=1&#038;origin=https:\/\/saintlouis-lapaix.com\" frameborder=\"0\" allow=\"accelerometer; autoplay; clipboard-write; encrypted-media; gyroscope; picture-in-picture; web-share\" referrerpolicy=\"strict-origin-when-cross-origin\" allowfullscreen><\/iframe><\/div><\/p>\n<p>Les professeurs et les \u00e9l\u00e8ves mobilis\u00e9s vous feront d\u00e9couvrir <span style=\"color: #008080;\"><strong><a style=\"color: #008080;\" href=\"https:\/\/saintlouis-lapaix.com\/lycee-saint-louis\/formations\/bac-general\/\" target=\"_blank\" rel=\"noopener\">les 9 sp\u00e9cialit\u00e9s de la voie g\u00e9n\u00e9rale propos\u00e9es \u00e0 Saint-Louis<\/a><\/strong><\/span> ainsi que nos <span style=\"color: #008080;\"><strong><a style=\"color: #008080;\" href=\"https:\/\/saintlouis-lapaix.com\/lycee-saint-louis\/formations\/bac-technologique\/\" target=\"_blank\" rel=\"noopener\">3 s\u00e9ries technologiques<\/a><\/strong><\/span> (<span style=\"color: #008080;\"><strong><a style=\"color: #008080;\" href=\"https:\/\/saintlouis-lapaix.com\/lycee-saint-louis\/formations\/bac-technologique\/stl-sciences-et-technologies-de-laboratoire\/\" target=\"_blank\" rel=\"noopener\">STL<\/a><\/strong><\/span>, <span style=\"color: #008080;\"><strong><a style=\"color: #008080;\" href=\"https:\/\/saintlouis-lapaix.com\/lycee-saint-louis\/formations\/bac-technologique\/st2s-sciences-et-technologies-de-la-sante-et-du-social\/\" target=\"_blank\" rel=\"noopener\">ST2S<\/a><\/strong><\/span>, <span style=\"color: #008080;\"><strong><a style=\"color: #008080;\" href=\"https:\/\/saintlouis-lapaix.com\/lycee-saint-louis\/formations\/bac-technologique\/stmg-sciences-et-technologies-du-management-et-de-la-gestion\/\" target=\"_blank\" rel=\"noopener\">STMG<\/a><\/strong><\/span>).<\/p>\n<h3><a href=\"https:\/\/saintlouis-lapaix.com\/lycee-saint-louis\/inscription-2026-2027\/\" target=\"_blank\" rel=\"noopener\"><strong><span style=\"color: #008080;\">Inscription 2026-2027 : possibilit\u00e9 de s&rsquo;inscrire en ligne<\/span><\/strong><\/a><\/h3>\n<h3><a href=\"https:\/\/saintlouis-lapaix.com\/lycee-saint-louis\/formations\/bac-general\/\" target=\"_blank\" rel=\"noopener\"><span style=\"color: #008080;\">Nos sp\u00e9cialit\u00e9s de la voie g\u00e9n\u00e9rale :<\/span><\/a><\/h3>\n<ul>\n<li><strong><a href=\"https:\/\/saintlouis-lapaix.com\/lycee-saint-louis\/formations\/bac-general\/cinema-audiovisuel\/\" target=\"_blank\" rel=\"noopener\">Cin\u00e9ma Audiovisuel<\/a><\/strong><\/li>\n<li><strong><a href=\"https:\/\/saintlouis-lapaix.com\/lycee-saint-louis\/formations\/bac-general\/llcer-anglais-monde-contemporain\/\" target=\"_blank\" rel=\"noopener\">AMC Anglais Monde Contemporain<\/a><\/strong><\/li>\n<li><strong><a href=\"https:\/\/saintlouis-lapaix.com\/lycee-saint-louis\/formations\/bac-general\/histoire-geographie-geopolitique-et-sciences-politiques\/\" target=\"_blank\" rel=\"noopener\">HGGSP Histoire G\u00e9ographie G\u00e9opolitique et Sciences Politiques<\/a><\/strong><\/li>\n<li><strong><a href=\"https:\/\/saintlouis-lapaix.com\/lycee-saint-louis\/formations\/bac-general\/humanites-litterature-et-philosophie\/\" target=\"_blank\" rel=\"noopener\">HLP Humanit\u00e9s, Litt\u00e9rature et Philosophie<\/a><\/strong><\/li>\n<li><strong><a href=\"https:\/\/saintlouis-lapaix.com\/lycee-saint-louis\/formations\/bac-general\/mathematiques\/\" target=\"_blank\" rel=\"noopener\">Math\u00e9matiques<\/a><\/strong><\/li>\n<li><strong><a href=\"https:\/\/saintlouis-lapaix.com\/lycee-saint-louis\/formations\/bac-general\/numerique-et-sciences-informatiques\/\" target=\"_blank\" rel=\"noopener\">NSI Num\u00e9rique et Sciences Informatiques<\/a><\/strong><\/li>\n<li><strong><a href=\"https:\/\/saintlouis-lapaix.com\/lycee-saint-louis\/formations\/bac-general\/physique-chimie-2\/\" target=\"_blank\" rel=\"noopener\">Physique-Chimie<\/a><\/strong><\/li>\n<li><strong><a href=\"https:\/\/saintlouis-lapaix.com\/lycee-saint-louis\/formations\/bac-general\/sciences-economiques-et-sociales\/\" target=\"_blank\" rel=\"noopener\">SES Sciences \u00c9conomiques et Sociales<\/a><\/strong><\/li>\n<li><a href=\"https:\/\/saintlouis-lapaix.com\/lycee-saint-louis\/formations\/bac-general\/sciences-de-la-vie-et-de-la-terre\/\" target=\"_blank\" rel=\"noopener\"><strong>SVT Sciences de la Vie et de la Terre<\/strong><\/a><\/li>\n<\/ul>\n<h3><a href=\"https:\/\/saintlouis-lapaix.com\/lycee-saint-louis\/formations\/bac-technologique\/\" target=\"_blank\" rel=\"noopener\"><span style=\"color: #008080;\">Nos 3 s\u00e9ries de la voie technologique :<\/span><\/a><\/h3>\n<ul>\n<li><strong><a href=\"https:\/\/saintlouis-lapaix.com\/lycee-saint-louis\/formations\/bac-technologique\/stmg-sciences-et-technologies-du-management-et-de-la-gestion\/\" target=\"_blank\" rel=\"noopener\">STMG Sciences et Technologies du Management et de la Gestion<\/a><\/strong><\/li>\n<li><strong><a href=\"https:\/\/saintlouis-lapaix.com\/lycee-saint-louis\/formations\/bac-technologique\/stl-sciences-et-technologies-de-laboratoire\/\" target=\"_blank\" rel=\"noopener\">STL Sciences et Technologies de Laboratoire<\/a><\/strong><\/li>\n<li><strong><a href=\"https:\/\/saintlouis-lapaix.com\/lycee-saint-louis\/formations\/bac-technologique\/st2s-sciences-et-technologies-de-la-sante-et-du-social\/\" target=\"_blank\" rel=\"noopener\">ST2S Sciences et Technologies de la Sant\u00e9 et du Social<\/a><\/strong><\/li>\n<\/ul>\n<h3><span style=\"color: #008080;\">Nous vous pr\u00e9senterons \u00e9galement les Options, modules d&rsquo;approfondissement et ateliers propos\u00e9s aux \u00e9l\u00e8ves :<\/span><\/h3>\n<p><strong>Les options compl\u00e9mentaires :<\/strong><\/p>\n<ul>\n<li>L&rsquo;option Cin\u00e9ma Audiovisuel<\/li>\n<li>L&rsquo;option EPS<\/li>\n<li>L&rsquo;option Arts Plastiques<\/li>\n<li>L&rsquo;option Latin<\/li>\n<li>L&rsquo;option Droit et Grands Enjeux du Monde Contemporain<\/li>\n<li>L&rsquo;option Math\u00e9matiques compl\u00e9mentaires et expertes<\/li>\n<\/ul>\n<p><strong>Deux modules d&rsquo;approfondissement :<\/strong><\/p>\n<ul>\n<li>Le module d\u2019approfondissement de la sp\u00e9cialit\u00e9 math\u00e9matiques<\/li>\n<li>Le module de pr\u00e9paration aux \u00e9tudes de m\u00e9decine en SVT<\/li>\n<\/ul>\n<p><strong>Des ateliers pour d\u00e9velopper certains centres d&rsquo;int\u00e9r\u00eats et construire son parcours d&rsquo;orientation :<\/strong><\/p>\n<ul>\n<li><strong><span style=\"color: #008080;\"><a style=\"color: #008080;\" href=\"https:\/\/saintlouis-lapaix.com\/lycee-saint-louis\/formations\/classe-defense-et-securite-globales\/\" target=\"_blank\" rel=\"noopener\">La classe de d\u00e9fense et de s\u00e9curit\u00e9 globales<\/a><\/span><\/strong><\/li>\n<li><span style=\"color: #008080;\"><strong><a style=\"color: #008080;\" href=\"https:\/\/saintlouis-lapaix.com\/lycee-saint-louis\/vie-lyceenne\/theatre\/\" target=\"_blank\" rel=\"noopener\">L&rsquo;atelier th\u00e9\u00e2tre<\/a><\/strong><\/span><\/li>\n<li>Le club de maths<\/li>\n<li><strong><span style=\"color: #008080;\"><a style=\"color: #008080;\" href=\"https:\/\/saintlouis-lapaix.com\/lycee-saint-louis\/un-concours-deloquence-a-saint-louis\/\" target=\"_blank\" rel=\"noopener\">Le concours d\u2019\u00e9loquence<\/a><\/span><\/strong><\/li>\n<li>Le groupe de musique du lyc\u00e9e Saint-Louis<\/li>\n<li>Le bureau des \u00e9l\u00e8ves<\/li>\n<li>Le journal du lyc\u00e9e : <strong><span style=\"color: #008080;\"><a style=\"color: #008080;\" href=\"https:\/\/saintlouis-lapaix.com\/lycee-saint-louis\/vie-lyceenne\/le-mag-des-lyceens\/\" target=\"_blank\" rel=\"noopener\">Mag&rsquo; des lyc\u00e9ens<\/a><\/span><\/strong><\/li>\n<\/ul>\n<p>Permettre aux lyc\u00e9ens de d\u00e9velopper<strong> des parcours \u00e0 l&rsquo;international<\/strong> repr\u00e9sente l&rsquo;un des axes d\u00e9velopp\u00e9 \u00e0 Saint-Louis :<\/p>\n<ul>\n<li><span style=\"color: #008080;\"><strong><a style=\"color: #008080;\" href=\"https:\/\/saintlouis-lapaix.com\/lycee-saint-louis\/international\/bac-americain-high-bac\/\" target=\"_blank\" rel=\"noopener\">Le Bac Am\u00e9ricain ou Dual Diploma\u00a0<\/a><\/strong><\/span><\/li>\n<li><span style=\"color: #008080;\"><strong><a style=\"color: #008080;\" href=\"https:\/\/saintlouis-lapaix.com\/lycee-saint-louis\/international\/seconde-a-parcours-international\/\" target=\"_blank\" rel=\"noopener\">La seconde \u00e0 parcours international<\/a><\/strong><\/span><\/li>\n<li><span style=\"color: #008080;\"><strong><a style=\"color: #008080;\" href=\"https:\/\/saintlouis-lapaix.com\/lycee-saint-louis\/international\/section-europeenne\/\" target=\"_blank\" rel=\"noopener\">Les sections europ\u00e9ennes : Euro Allemand, Anglais, Espagnol<\/a><\/strong><\/span><\/li>\n<li>Les langues orientales : <span style=\"color: #008080;\"><strong><a style=\"color: #008080;\" href=\"https:\/\/saintlouis-lapaix.com\/lycee-saint-louis\/international\/chinois\/\" target=\"_blank\" rel=\"noopener\">Chinois<\/a><\/strong><\/span> et <span style=\"color: #008080;\"><strong><a style=\"color: #008080;\" href=\"https:\/\/saintlouis-lapaix.com\/lycee-saint-louis\/international\/japonais\/\" target=\"_blank\" rel=\"noopener\">Japonais<\/a><\/strong><\/span><\/li>\n<li>Les mobilit\u00e9s individuelles ou collectives en Angleterre, Italie, Allemagne, Finlande, Japon, P\u00e9rou, Chine, Inde &#8230;<\/li>\n<li>Certifications en langues gratuites (anglais, allemand, espagnol)<\/li>\n<\/ul>\n<p><img decoding=\"async\" class=\"alignnone wp-image-4129 size-medium\" src=\"https:\/\/saintlouis-lapaix.com\/lycee-saint-louis\/wp-content\/uploads\/sites\/3\/2026\/01\/doc-JPO-4-pages-212x300.jpg\" alt=\"\" width=\"212\" height=\"300\" srcset=\"https:\/\/saintlouis-lapaix.com\/lycee-saint-louis\/wp-content\/uploads\/sites\/3\/2026\/01\/doc-JPO-4-pages-212x300.jpg 212w, https:\/\/saintlouis-lapaix.com\/lycee-saint-louis\/wp-content\/uploads\/sites\/3\/2026\/01\/doc-JPO-4-pages.jpg 595w\" sizes=\"(max-width: 212px) 100vw, 212px\" \/> <img decoding=\"async\" class=\"alignnone wp-image-4130 size-medium\" src=\"https:\/\/saintlouis-lapaix.com\/lycee-saint-louis\/wp-content\/uploads\/sites\/3\/2026\/01\/doc-JPO-4-pages2-212x300.jpg\" alt=\"\" width=\"212\" height=\"300\" srcset=\"https:\/\/saintlouis-lapaix.com\/lycee-saint-louis\/wp-content\/uploads\/sites\/3\/2026\/01\/doc-JPO-4-pages2-212x300.jpg 212w, https:\/\/saintlouis-lapaix.com\/lycee-saint-louis\/wp-content\/uploads\/sites\/3\/2026\/01\/doc-JPO-4-pages2.jpg 595w\" sizes=\"(max-width: 212px) 100vw, 212px\" \/> <img decoding=\"async\" class=\"alignnone wp-image-4131 size-medium\" src=\"https:\/\/saintlouis-lapaix.com\/lycee-saint-louis\/wp-content\/uploads\/sites\/3\/2026\/01\/doc-JPO-4-pages3-212x300.jpg\" alt=\"\" width=\"212\" height=\"300\" srcset=\"https:\/\/saintlouis-lapaix.com\/lycee-saint-louis\/wp-content\/uploads\/sites\/3\/2026\/01\/doc-JPO-4-pages3-212x300.jpg 212w, https:\/\/saintlouis-lapaix.com\/lycee-saint-louis\/wp-content\/uploads\/sites\/3\/2026\/01\/doc-JPO-4-pages3.jpg 595w\" sizes=\"(max-width: 212px) 100vw, 212px\" \/> <img decoding=\"async\" class=\"alignnone wp-image-4132 size-medium\" src=\"https:\/\/saintlouis-lapaix.com\/lycee-saint-louis\/wp-content\/uploads\/sites\/3\/2026\/01\/doc-JPO-4-pages4-212x300.jpg\" alt=\"\" width=\"212\" height=\"300\" srcset=\"https:\/\/saintlouis-lapaix.com\/lycee-saint-louis\/wp-content\/uploads\/sites\/3\/2026\/01\/doc-JPO-4-pages4-212x300.jpg 212w, https:\/\/saintlouis-lapaix.com\/lycee-saint-louis\/wp-content\/uploads\/sites\/3\/2026\/01\/doc-JPO-4-pages4.jpg 595w\" sizes=\"(max-width: 212px) 100vw, 212px\" \/> <img decoding=\"async\" class=\"alignnone wp-image-4133 size-medium\" src=\"https:\/\/saintlouis-lapaix.com\/lycee-saint-louis\/wp-content\/uploads\/sites\/3\/2026\/01\/doc-JPO-4-pages5-212x300.jpg\" alt=\"\" width=\"212\" height=\"300\" srcset=\"https:\/\/saintlouis-lapaix.com\/lycee-saint-louis\/wp-content\/uploads\/sites\/3\/2026\/01\/doc-JPO-4-pages5-212x300.jpg 212w, https:\/\/saintlouis-lapaix.com\/lycee-saint-louis\/wp-content\/uploads\/sites\/3\/2026\/01\/doc-JPO-4-pages5.jpg 595w\" sizes=\"(max-width: 212px) 100vw, 212px\" \/> <img decoding=\"async\" class=\"alignnone wp-image-4134 size-medium\" src=\"https:\/\/saintlouis-lapaix.com\/lycee-saint-louis\/wp-content\/uploads\/sites\/3\/2026\/01\/doc-JPO-4-pages6-212x300.jpg\" alt=\"\" width=\"212\" height=\"300\" srcset=\"https:\/\/saintlouis-lapaix.com\/lycee-saint-louis\/wp-content\/uploads\/sites\/3\/2026\/01\/doc-JPO-4-pages6-212x300.jpg 212w, https:\/\/saintlouis-lapaix.com\/lycee-saint-louis\/wp-content\/uploads\/sites\/3\/2026\/01\/doc-JPO-4-pages6.jpg 595w\" sizes=\"(max-width: 212px) 100vw, 212px\" \/> <img decoding=\"async\" class=\"alignnone wp-image-4135 size-medium\" src=\"https:\/\/saintlouis-lapaix.com\/lycee-saint-louis\/wp-content\/uploads\/sites\/3\/2026\/01\/doc-JPO-4-pages7-212x300.jpg\" alt=\"\" width=\"212\" height=\"300\" srcset=\"https:\/\/saintlouis-lapaix.com\/lycee-saint-louis\/wp-content\/uploads\/sites\/3\/2026\/01\/doc-JPO-4-pages7-212x300.jpg 212w, https:\/\/saintlouis-lapaix.com\/lycee-saint-louis\/wp-content\/uploads\/sites\/3\/2026\/01\/doc-JPO-4-pages7.jpg 595w\" sizes=\"(max-width: 212px) 100vw, 212px\" \/> <img decoding=\"async\" class=\"alignnone wp-image-4136 size-medium\" src=\"https:\/\/saintlouis-lapaix.com\/lycee-saint-louis\/wp-content\/uploads\/sites\/3\/2026\/01\/doc-JPO-4-pages8-212x300.jpg\" alt=\"\" width=\"212\" height=\"300\" srcset=\"https:\/\/saintlouis-lapaix.com\/lycee-saint-louis\/wp-content\/uploads\/sites\/3\/2026\/01\/doc-JPO-4-pages8-212x300.jpg 212w, https:\/\/saintlouis-lapaix.com\/lycee-saint-louis\/wp-content\/uploads\/sites\/3\/2026\/01\/doc-JPO-4-pages8.jpg 595w\" sizes=\"(max-width: 212px) 100vw, 212px\" \/><\/p>\n<h2>Retrouvez-nous sur les r\u00e9seaux sociaux :<\/h2>\n<p><a href=\"https:\/\/www.facebook.com\/lyceesaintlouis.lorient\/\" target=\"_blank\" rel=\"noopener\"><img decoding=\"async\" class=\"alignnone wp-image-3930\" src=\"https:\/\/saintlouis-lapaix.com\/lycee-saint-louis\/wp-content\/uploads\/sites\/3\/2025\/11\/logo-facebook.png\" alt=\"\" width=\"54\" height=\"54\" \/><\/a><a href=\"https:\/\/www.facebook.com\/lyceesaintlouis.lorient\/\" target=\"_blank\" rel=\"noopener\">@lyceesaintlouis.lorient<\/a><\/p>\n<p><a href=\"https:\/\/www.instagram.com\/lyceesaintlouis\/\" target=\"_blank\" rel=\"noopener\"><img decoding=\"async\" class=\"alignnone wp-image-3931\" src=\"https:\/\/saintlouis-lapaix.com\/lycee-saint-louis\/wp-content\/uploads\/sites\/3\/2025\/11\/logo-instagram.jpeg\" alt=\"\" width=\"54\" height=\"54\" \/><\/a><a href=\"https:\/\/www.instagram.com\/lyceesaintlouis\/\" target=\"_blank\" rel=\"noopener\">@lyceesaintlouis<\/a><\/p>\n<p><a href=\"https:\/\/fr.linkedin.com\/school\/%20lyc%C3%A9e-saint-louis-lorient-56\/\" target=\"_blank\" rel=\"noopener\"><img decoding=\"async\" class=\"alignnone wp-image-3932\" src=\"https:\/\/saintlouis-lapaix.com\/lycee-saint-louis\/wp-content\/uploads\/sites\/3\/2025\/11\/logo-linkedin.png\" alt=\"\" width=\"51\" height=\"51\" \/><\/a><a href=\"https:\/\/youtube.com\/@lyceesaintlouis-lapaix9651?si=rAFYgpYMLHypt4Dn\" target=\"_blank\" rel=\"noopener\">@lyc\u00e9e-saint-louis-lorient-56<\/a><\/p>\n<p><a href=\"https:\/\/youtube.com\/@lyceesaintlouis-lapaix9651?si=rAFYgpYMLHypt4Dn\" target=\"_blank\" rel=\"noopener\"><img decoding=\"async\" class=\"alignnone wp-image-3933\" src=\"https:\/\/saintlouis-lapaix.com\/lycee-saint-louis\/wp-content\/uploads\/sites\/3\/2025\/11\/logo-youtube.jpeg\" alt=\"\" width=\"110\" height=\"60\" \/><\/a><a href=\"https:\/\/youtube.com\/@lyceesaintlouis-lapaix9651?si=rAFYgpYMLHypt4Dn\" target=\"_blank\" rel=\"noopener\">@lyceesaintlouis-lapaix9651<\/a><\/p>\n<h2>En savoir plus sur les autres formations du groupe scolaire Saint-Louis La Paix :<\/h2>\n<ul>\n<li><strong><a href=\"https:\/\/saintlouis-lapaix.com\/lycee-saint-louis\/formations\/bac-general\/\" target=\"_blank\" rel=\"noopener\">Nos 9 sp\u00e9cialit\u00e9s de la voie g\u00e9n\u00e9rale, au lyc\u00e9e Saint-Louis<\/a><\/strong><\/li>\n<li><strong><a href=\"https:\/\/saintlouis-lapaix.com\/lycee-saint-louis\/formations\/bac-technologique\/\" target=\"_blank\" rel=\"noopener\">Nos 3 s\u00e9ries technologiques, STL, ST2S, STMG, au lyc\u00e9e Saint-Louis<\/a><\/strong><\/li>\n<li><strong><a href=\"https:\/\/saintlouis-lapaix.com\/lycee-la-paix\/enseignement-superieur\/\" target=\"_blank\" rel=\"noopener\">Le Campus La Paix et nos 6 formations de BTS &#8211; au Lyc\u00e9e Notre Dame de la Paix, 6 rue des Ormes, Ploemeur\u00a0<\/a><\/strong><\/li>\n<li><strong><a href=\"https:\/\/saintlouis-lapaix.com\/lycee-la-paix\/\" target=\"_blank\" rel=\"noopener\">Le lyc\u00e9e professionnel Notre Dame de la Paix (6 rue des Ormes Ploemeur) : 4 formations de Baccalaur\u00e9at Professionnel et 1 CAP Op\u00e9rateur\/trice Logistique<\/a><\/strong><\/li>\n<li><a href=\"https:\/\/saintlouis-lapaix.com\/college-saint-louis\/\" target=\"_blank\" rel=\"noopener\"><strong>Le Coll\u00e8ge Saint-Louis : 30-32 rue Emile Corre, \u00e0 Lorient (Journ\u00e9es Portes Ouvertes plus tard dans l\u2019ann\u00e9e scolaire)<\/strong><\/a><\/li>\n<\/ul>\n","protected":false},"excerpt":{"rendered":"<p>Journ\u00e9es Portes Ouvertes, Lyc\u00e9e Saint-Louis (et\u00a0Lyc\u00e9e Notre Dame de la Paix) Vous pouvez rencontrer les \u00e9quipes p\u00e9dagogiques du Lyc\u00e9e Saint-Louis,&hellip;<\/p>\n","protected":false},"author":12,"featured_media":4126,"comment_status":"closed","ping_status":"closed","sticky":true,"template":"","format":"standard","meta":{"_acf_changed":false,"footnotes":"","_members_access_role":[],"_members_access_error":""},"categories":[26],"tags":[],"class_list":["post-4127","post","type-post","status-publish","format-standard","has-post-thumbnail","hentry","category-evenement"],"acf":[],"yoast_head":"<!-- This site is optimized with the Yoast SEO plugin v28.4 - https:\/\/yoast.com\/product\/yoast-seo-wordpress\/ -->\n<title>Journ\u00e9es Portes Ouvertes 2026 - Lyc\u00e9e Saint-Louis<\/title>\n<meta name=\"robots\" content=\"index, follow, max-snippet:-1, max-image-preview:large, max-video-preview:-1\" \/>\n<link rel=\"canonical\" href=\"https:\/\/saintlouis-lapaix.com\/lycee-saint-louis\/journees-portes-ouvertes-2026\/\" \/>\n<meta property=\"og:locale\" content=\"fr_FR\" \/>\n<meta property=\"og:type\" content=\"article\" \/>\n<meta property=\"og:title\" content=\"Journ\u00e9es Portes Ouvertes 2026 - Lyc\u00e9e Saint-Louis\" \/>\n<meta property=\"og:description\" content=\"Journ\u00e9es Portes Ouvertes, Lyc\u00e9e Saint-Louis (et\u00a0Lyc\u00e9e Notre Dame de la Paix) Vous pouvez rencontrer les \u00e9quipes p\u00e9dagogiques du Lyc\u00e9e Saint-Louis,&hellip;\" \/>\n<meta property=\"og:url\" content=\"https:\/\/saintlouis-lapaix.com\/lycee-saint-louis\/journees-portes-ouvertes-2026\/\" \/>\n<meta property=\"og:site_name\" content=\"Lyc\u00e9e Saint-Louis\" \/>\n<meta property=\"article:published_time\" content=\"2026-02-02T15:36:23+00:00\" \/>\n<meta property=\"article:modified_time\" content=\"2026-02-06T13:34:15+00:00\" \/>\n<meta property=\"og:image\" content=\"https:\/\/saintlouis-lapaix.com\/lycee-saint-louis\/wp-content\/uploads\/sites\/3\/2026\/01\/visuel-web-JPO-26-scaled.jpg\" \/>\n\t<meta property=\"og:image:width\" content=\"2560\" \/>\n\t<meta property=\"og:image:height\" content=\"1440\" \/>\n\t<meta property=\"og:image:type\" content=\"image\/jpeg\" \/>\n<meta name=\"author\" content=\"cpocher\" \/>\n<meta name=\"twitter:card\" content=\"summary_large_image\" \/>\n<meta name=\"twitter:label1\" content=\"\u00c9crit par\" \/>\n\t<meta name=\"twitter:data1\" content=\"cpocher\" \/>\n\t<meta name=\"twitter:label2\" content=\"Dur\u00e9e de lecture estim\u00e9e\" \/>\n\t<meta name=\"twitter:data2\" content=\"6 minutes\" \/>\n<script type=\"application\/ld+json\" class=\"yoast-schema-graph\">{\"@context\":\"https:\\\/\\\/schema.org\",\"@graph\":[{\"@type\":\"Article\",\"@id\":\"https:\\\/\\\/saintlouis-lapaix.com\\\/lycee-saint-louis\\\/journees-portes-ouvertes-2026\\\/#article\",\"isPartOf\":{\"@id\":\"https:\\\/\\\/saintlouis-lapaix.com\\\/lycee-saint-louis\\\/journees-portes-ouvertes-2026\\\/\"},\"author\":{\"name\":\"cpocher\",\"@id\":\"https:\\\/\\\/saintlouis-lapaix.com\\\/lycee-saint-louis\\\/#\\\/schema\\\/person\\\/63c6e6ec6c5187c2b804b6fdcab4e1d7\"},\"headline\":\"Journ\u00e9es Portes Ouvertes 2026\",\"datePublished\":\"2026-02-02T15:36:23+00:00\",\"dateModified\":\"2026-02-06T13:34:15+00:00\",\"mainEntityOfPage\":{\"@id\":\"https:\\\/\\\/saintlouis-lapaix.com\\\/lycee-saint-louis\\\/journees-portes-ouvertes-2026\\\/\"},\"wordCount\":580,\"image\":{\"@id\":\"https:\\\/\\\/saintlouis-lapaix.com\\\/lycee-saint-louis\\\/journees-portes-ouvertes-2026\\\/#primaryimage\"},\"thumbnailUrl\":\"https:\\\/\\\/saintlouis-lapaix.com\\\/lycee-saint-louis\\\/wp-content\\\/uploads\\\/sites\\\/3\\\/2026\\\/01\\\/visuel-web-JPO-26-scaled.jpg\",\"articleSection\":[\"Ev\u00e9nement\"],\"inLanguage\":\"fr-FR\"},{\"@type\":\"WebPage\",\"@id\":\"https:\\\/\\\/saintlouis-lapaix.com\\\/lycee-saint-louis\\\/journees-portes-ouvertes-2026\\\/\",\"url\":\"https:\\\/\\\/saintlouis-lapaix.com\\\/lycee-saint-louis\\\/journees-portes-ouvertes-2026\\\/\",\"name\":\"Journ\u00e9es Portes Ouvertes 2026 - Lyc\u00e9e Saint-Louis\",\"isPartOf\":{\"@id\":\"https:\\\/\\\/saintlouis-lapaix.com\\\/lycee-saint-louis\\\/#website\"},\"primaryImageOfPage\":{\"@id\":\"https:\\\/\\\/saintlouis-lapaix.com\\\/lycee-saint-louis\\\/journees-portes-ouvertes-2026\\\/#primaryimage\"},\"image\":{\"@id\":\"https:\\\/\\\/saintlouis-lapaix.com\\\/lycee-saint-louis\\\/journees-portes-ouvertes-2026\\\/#primaryimage\"},\"thumbnailUrl\":\"https:\\\/\\\/saintlouis-lapaix.com\\\/lycee-saint-louis\\\/wp-content\\\/uploads\\\/sites\\\/3\\\/2026\\\/01\\\/visuel-web-JPO-26-scaled.jpg\",\"datePublished\":\"2026-02-02T15:36:23+00:00\",\"dateModified\":\"2026-02-06T13:34:15+00:00\",\"author\":{\"@id\":\"https:\\\/\\\/saintlouis-lapaix.com\\\/lycee-saint-louis\\\/#\\\/schema\\\/person\\\/63c6e6ec6c5187c2b804b6fdcab4e1d7\"},\"breadcrumb\":{\"@id\":\"https:\\\/\\\/saintlouis-lapaix.com\\\/lycee-saint-louis\\\/journees-portes-ouvertes-2026\\\/#breadcrumb\"},\"inLanguage\":\"fr-FR\",\"potentialAction\":[{\"@type\":\"ReadAction\",\"target\":[\"https:\\\/\\\/saintlouis-lapaix.com\\\/lycee-saint-louis\\\/journees-portes-ouvertes-2026\\\/\"]}]},{\"@type\":\"ImageObject\",\"inLanguage\":\"fr-FR\",\"@id\":\"https:\\\/\\\/saintlouis-lapaix.com\\\/lycee-saint-louis\\\/journees-portes-ouvertes-2026\\\/#primaryimage\",\"url\":\"https:\\\/\\\/saintlouis-lapaix.com\\\/lycee-saint-louis\\\/wp-content\\\/uploads\\\/sites\\\/3\\\/2026\\\/01\\\/visuel-web-JPO-26-scaled.jpg\",\"contentUrl\":\"https:\\\/\\\/saintlouis-lapaix.com\\\/lycee-saint-louis\\\/wp-content\\\/uploads\\\/sites\\\/3\\\/2026\\\/01\\\/visuel-web-JPO-26-scaled.jpg\",\"width\":2560,\"height\":1440},{\"@type\":\"BreadcrumbList\",\"@id\":\"https:\\\/\\\/saintlouis-lapaix.com\\\/lycee-saint-louis\\\/journees-portes-ouvertes-2026\\\/#breadcrumb\",\"itemListElement\":[{\"@type\":\"ListItem\",\"position\":1,\"name\":\"Accueil\",\"item\":\"https:\\\/\\\/saintlouis-lapaix.com\\\/lycee-saint-louis\\\/\"},{\"@type\":\"ListItem\",\"position\":2,\"name\":\"Journ\u00e9es Portes Ouvertes 2026\"}]},{\"@type\":\"WebSite\",\"@id\":\"https:\\\/\\\/saintlouis-lapaix.com\\\/lycee-saint-louis\\\/#website\",\"url\":\"https:\\\/\\\/saintlouis-lapaix.com\\\/lycee-saint-louis\\\/\",\"name\":\"Lyc\u00e9e Saint-Louis\",\"description\":\"Lyc\u00e9e d\u2019Enseignement G\u00e9n\u00e9ral et Technologique\",\"potentialAction\":[{\"@type\":\"SearchAction\",\"target\":{\"@type\":\"EntryPoint\",\"urlTemplate\":\"https:\\\/\\\/saintlouis-lapaix.com\\\/lycee-saint-louis\\\/?s={search_term_string}\"},\"query-input\":{\"@type\":\"PropertyValueSpecification\",\"valueRequired\":true,\"valueName\":\"search_term_string\"}}],\"inLanguage\":\"fr-FR\"},{\"@type\":\"Person\",\"@id\":\"https:\\\/\\\/saintlouis-lapaix.com\\\/lycee-saint-louis\\\/#\\\/schema\\\/person\\\/63c6e6ec6c5187c2b804b6fdcab4e1d7\",\"name\":\"cpocher\",\"image\":{\"@type\":\"ImageObject\",\"inLanguage\":\"fr-FR\",\"@id\":\"https:\\\/\\\/secure.gravatar.com\\\/avatar\\\/c43fad9b2b2d6272553eb16fbed719570f891e271898532b177e49a509fcad37?s=96&d=mm&r=g\",\"url\":\"https:\\\/\\\/secure.gravatar.com\\\/avatar\\\/c43fad9b2b2d6272553eb16fbed719570f891e271898532b177e49a509fcad37?s=96&d=mm&r=g\",\"contentUrl\":\"https:\\\/\\\/secure.gravatar.com\\\/avatar\\\/c43fad9b2b2d6272553eb16fbed719570f891e271898532b177e49a509fcad37?s=96&d=mm&r=g\",\"caption\":\"cpocher\"}}]}<\/script>\n<!-- \/ Yoast SEO plugin. -->","yoast_head_json":{"title":"Journ\u00e9es Portes Ouvertes 2026 - Lyc\u00e9e Saint-Louis","robots":{"index":"index","follow":"follow","max-snippet":"max-snippet:-1","max-image-preview":"max-image-preview:large","max-video-preview":"max-video-preview:-1"},"canonical":"https:\/\/saintlouis-lapaix.com\/lycee-saint-louis\/journees-portes-ouvertes-2026\/","og_locale":"fr_FR","og_type":"article","og_title":"Journ\u00e9es Portes Ouvertes 2026 - Lyc\u00e9e Saint-Louis","og_description":"Journ\u00e9es Portes Ouvertes, Lyc\u00e9e Saint-Louis (et\u00a0Lyc\u00e9e Notre Dame de la Paix) Vous pouvez rencontrer les \u00e9quipes p\u00e9dagogiques du Lyc\u00e9e Saint-Louis,&hellip;","og_url":"https:\/\/saintlouis-lapaix.com\/lycee-saint-louis\/journees-portes-ouvertes-2026\/","og_site_name":"Lyc\u00e9e Saint-Louis","article_published_time":"2026-02-02T15:36:23+00:00","article_modified_time":"2026-02-06T13:34:15+00:00","og_image":[{"width":2560,"height":1440,"url":"https:\/\/saintlouis-lapaix.com\/lycee-saint-louis\/wp-content\/uploads\/sites\/3\/2026\/01\/visuel-web-JPO-26-scaled.jpg","type":"image\/jpeg"}],"author":"cpocher","twitter_card":"summary_large_image","twitter_misc":{"\u00c9crit par":"cpocher","Dur\u00e9e de lecture estim\u00e9e":"6 minutes"},"schema":{"@context":"https:\/\/schema.org","@graph":[{"@type":"Article","@id":"https:\/\/saintlouis-lapaix.com\/lycee-saint-louis\/journees-portes-ouvertes-2026\/#article","isPartOf":{"@id":"https:\/\/saintlouis-lapaix.com\/lycee-saint-louis\/journees-portes-ouvertes-2026\/"},"author":{"name":"cpocher","@id":"https:\/\/saintlouis-lapaix.com\/lycee-saint-louis\/#\/schema\/person\/63c6e6ec6c5187c2b804b6fdcab4e1d7"},"headline":"Journ\u00e9es Portes Ouvertes 2026","datePublished":"2026-02-02T15:36:23+00:00","dateModified":"2026-02-06T13:34:15+00:00","mainEntityOfPage":{"@id":"https:\/\/saintlouis-lapaix.com\/lycee-saint-louis\/journees-portes-ouvertes-2026\/"},"wordCount":580,"image":{"@id":"https:\/\/saintlouis-lapaix.com\/lycee-saint-louis\/journees-portes-ouvertes-2026\/#primaryimage"},"thumbnailUrl":"https:\/\/saintlouis-lapaix.com\/lycee-saint-louis\/wp-content\/uploads\/sites\/3\/2026\/01\/visuel-web-JPO-26-scaled.jpg","articleSection":["Ev\u00e9nement"],"inLanguage":"fr-FR"},{"@type":"WebPage","@id":"https:\/\/saintlouis-lapaix.com\/lycee-saint-louis\/journees-portes-ouvertes-2026\/","url":"https:\/\/saintlouis-lapaix.com\/lycee-saint-louis\/journees-portes-ouvertes-2026\/","name":"Journ\u00e9es Portes Ouvertes 2026 - Lyc\u00e9e Saint-Louis","isPartOf":{"@id":"https:\/\/saintlouis-lapaix.com\/lycee-saint-louis\/#website"},"primaryImageOfPage":{"@id":"https:\/\/saintlouis-lapaix.com\/lycee-saint-louis\/journees-portes-ouvertes-2026\/#primaryimage"},"image":{"@id":"https:\/\/saintlouis-lapaix.com\/lycee-saint-louis\/journees-portes-ouvertes-2026\/#primaryimage"},"thumbnailUrl":"https:\/\/saintlouis-lapaix.com\/lycee-saint-louis\/wp-content\/uploads\/sites\/3\/2026\/01\/visuel-web-JPO-26-scaled.jpg","datePublished":"2026-02-02T15:36:23+00:00","dateModified":"2026-02-06T13:34:15+00:00","author":{"@id":"https:\/\/saintlouis-lapaix.com\/lycee-saint-louis\/#\/schema\/person\/63c6e6ec6c5187c2b804b6fdcab4e1d7"},"breadcrumb":{"@id":"https:\/\/saintlouis-lapaix.com\/lycee-saint-louis\/journees-portes-ouvertes-2026\/#breadcrumb"},"inLanguage":"fr-FR","potentialAction":[{"@type":"ReadAction","target":["https:\/\/saintlouis-lapaix.com\/lycee-saint-louis\/journees-portes-ouvertes-2026\/"]}]},{"@type":"ImageObject","inLanguage":"fr-FR","@id":"https:\/\/saintlouis-lapaix.com\/lycee-saint-louis\/journees-portes-ouvertes-2026\/#primaryimage","url":"https:\/\/saintlouis-lapaix.com\/lycee-saint-louis\/wp-content\/uploads\/sites\/3\/2026\/01\/visuel-web-JPO-26-scaled.jpg","contentUrl":"https:\/\/saintlouis-lapaix.com\/lycee-saint-louis\/wp-content\/uploads\/sites\/3\/2026\/01\/visuel-web-JPO-26-scaled.jpg","width":2560,"height":1440},{"@type":"BreadcrumbList","@id":"https:\/\/saintlouis-lapaix.com\/lycee-saint-louis\/journees-portes-ouvertes-2026\/#breadcrumb","itemListElement":[{"@type":"ListItem","position":1,"name":"Accueil","item":"https:\/\/saintlouis-lapaix.com\/lycee-saint-louis\/"},{"@type":"ListItem","position":2,"name":"Journ\u00e9es Portes Ouvertes 2026"}]},{"@type":"WebSite","@id":"https:\/\/saintlouis-lapaix.com\/lycee-saint-louis\/#website","url":"https:\/\/saintlouis-lapaix.com\/lycee-saint-louis\/","name":"Lyc\u00e9e Saint-Louis","description":"Lyc\u00e9e d\u2019Enseignement G\u00e9n\u00e9ral et Technologique","potentialAction":[{"@type":"SearchAction","target":{"@type":"EntryPoint","urlTemplate":"https:\/\/saintlouis-lapaix.com\/lycee-saint-louis\/?s={search_term_string}"},"query-input":{"@type":"PropertyValueSpecification","valueRequired":true,"valueName":"search_term_string"}}],"inLanguage":"fr-FR"},{"@type":"Person","@id":"https:\/\/saintlouis-lapaix.com\/lycee-saint-louis\/#\/schema\/person\/63c6e6ec6c5187c2b804b6fdcab4e1d7","name":"cpocher","image":{"@type":"ImageObject","inLanguage":"fr-FR","@id":"https:\/\/secure.gravatar.com\/avatar\/c43fad9b2b2d6272553eb16fbed719570f891e271898532b177e49a509fcad37?s=96&d=mm&r=g","url":"https:\/\/secure.gravatar.com\/avatar\/c43fad9b2b2d6272553eb16fbed719570f891e271898532b177e49a509fcad37?s=96&d=mm&r=g","contentUrl":"https:\/\/secure.gravatar.com\/avatar\/c43fad9b2b2d6272553eb16fbed719570f891e271898532b177e49a509fcad37?s=96&d=mm&r=g","caption":"cpocher"}}]}},"_links":{"self":[{"href":"https:\/\/saintlouis-lapaix.com\/lycee-saint-louis\/wp-json\/wp\/v2\/posts\/4127","targetHints":{"allow":["GET"]}}],"collection":[{"href":"https:\/\/saintlouis-lapaix.com\/lycee-saint-louis\/wp-json\/wp\/v2\/posts"}],"about":[{"href":"https:\/\/saintlouis-lapaix.com\/lycee-saint-louis\/wp-json\/wp\/v2\/types\/post"}],"author":[{"embeddable":true,"href":"https:\/\/saintlouis-lapaix.com\/lycee-saint-louis\/wp-json\/wp\/v2\/users\/12"}],"replies":[{"embeddable":true,"href":"https:\/\/saintlouis-lapaix.com\/lycee-saint-louis\/wp-json\/wp\/v2\/comments?post=4127"}],"version-history":[{"count":5,"href":"https:\/\/saintlouis-lapaix.com\/lycee-saint-louis\/wp-json\/wp\/v2\/posts\/4127\/revisions"}],"predecessor-version":[{"id":4236,"href":"https:\/\/saintlouis-lapaix.com\/lycee-saint-louis\/wp-json\/wp\/v2\/posts\/4127\/revisions\/4236"}],"wp:featuredmedia":[{"embeddable":true,"href":"https:\/\/saintlouis-lapaix.com\/lycee-saint-louis\/wp-json\/wp\/v2\/media\/4126"}],"wp:attachment":[{"href":"https:\/\/saintlouis-lapaix.com\/lycee-saint-louis\/wp-json\/wp\/v2\/media?parent=4127"}],"wp:term":[{"taxonomy":"category","embeddable":true,"href":"https:\/\/saintlouis-lapaix.com\/lycee-saint-louis\/wp-json\/wp\/v2\/categories?post=4127"},{"taxonomy":"post_tag","embeddable":true,"href":"https:\/\/saintlouis-lapaix.com\/lycee-saint-louis\/wp-json\/wp\/v2\/tags?post=4127"}],"curies":[{"name":"wp","href":"https:\/\/api.w.org\/{rel}","templated":true}]}}