{"id":3438,"date":"2025-03-14T16:30:50","date_gmt":"2025-03-14T15:30:50","guid":{"rendered":"https:\/\/saintlouis-lapaix.com\/lycee-saint-louis\/?p=3438"},"modified":"2025-03-28T12:21:12","modified_gmt":"2025-03-28T11:21:12","slug":"journee-internationale-des-droits-des-femmes","status":"publish","type":"post","link":"https:\/\/saintlouis-lapaix.com\/lycee-saint-louis\/journee-internationale-des-droits-des-femmes\/","title":{"rendered":"Journ\u00e9e internationale des droits des femmes"},"content":{"rendered":"<h3>\u00ab\u00a0International women war reporters\u00a0\u00bb : an exhibition by 1G1, 1G5, TG4 and TG6<\/h3>\n<p>A l&rsquo;occasion de <strong><a href=\"https:\/\/www.education.gouv.fr\/journee-internationale-des-droits-des-femmes-11900\" target=\"_blank\" rel=\"noopener\">la journ\u00e9e internationale des droits des femmes<\/a><\/strong>, les \u00e9l\u00e8ves des 1\u00e8res G1 et G5 ainsi que les germanistes de TG4 et TG6, ont cr\u00e9\u00e9 <strong><a href=\"https:\/\/0560101f.esidoc.fr\/site\/bienvenue-au-cdi-espace-eleves\" target=\"_blank\" rel=\"noopener\">une exposition consacr\u00e9e aux femmes reporters de guerre<\/a><\/strong>. Ce projet interlingue (allemand\/anglais) a permis aux \u00e9l\u00e8ves de d\u00e9couvrir le parcours de ces femmes, ainsi que leur travail au quotidien pour couvrir, depuis des ann\u00e9es, des conflits dans le monde entier.<\/p>\n<p>Les germanistes de seconde sont all\u00e9s visiter l&rsquo;exposition et ont pu d\u00e9couvrir plusieurs photos de Lee MILLER, Anja NIEDRINGHAUS ou encore Gerda TARO et ont pu \u00e9couter les explications en langue allemande et \/ou en langue anglaise. Cette exposition sera visible<strong><a href=\"https:\/\/saintlouis-lapaix.com\/lycee-saint-louis\/cdi\/\" target=\"_blank\" rel=\"noopener\"> \u00e0 l&rsquo;entr\u00e9e du C.D.I du lyc\u00e9e Saint-Louis<\/a><\/strong>, jusqu&rsquo;au vendredi 24 mars.<\/p>\n<p style=\"text-align: right;\"><strong>Madame CAVIN, professeure d&rsquo;anglais<\/strong><br \/>\n<strong>Madame DELAGE, professeure documentaliste<\/strong><br \/>\n<strong>Madame OLIVIERO, professeure d&rsquo;allemand<\/strong><\/p>\n<p><img decoding=\"async\" class=\"alignnone size-full wp-image-3442\" src=\"https:\/\/saintlouis-lapaix.com\/lycee-saint-louis\/wp-content\/uploads\/sites\/3\/2025\/03\/Expop-photos-1.jpg\" alt=\"\" width=\"1600\" height=\"1200\" srcset=\"https:\/\/saintlouis-lapaix.com\/lycee-saint-louis\/wp-content\/uploads\/sites\/3\/2025\/03\/Expop-photos-1.jpg 1600w, https:\/\/saintlouis-lapaix.com\/lycee-saint-louis\/wp-content\/uploads\/sites\/3\/2025\/03\/Expop-photos-1-300x225.jpg 300w, https:\/\/saintlouis-lapaix.com\/lycee-saint-louis\/wp-content\/uploads\/sites\/3\/2025\/03\/Expop-photos-1-1024x768.jpg 1024w, https:\/\/saintlouis-lapaix.com\/lycee-saint-louis\/wp-content\/uploads\/sites\/3\/2025\/03\/Expop-photos-1-768x576.jpg 768w, https:\/\/saintlouis-lapaix.com\/lycee-saint-louis\/wp-content\/uploads\/sites\/3\/2025\/03\/Expop-photos-1-1536x1152.jpg 1536w, https:\/\/saintlouis-lapaix.com\/lycee-saint-louis\/wp-content\/uploads\/sites\/3\/2025\/03\/Expop-photos-1-1200x900.jpg 1200w\" sizes=\"(max-width: 1600px) 100vw, 1600px\" \/> <img decoding=\"async\" class=\"alignnone size-full wp-image-3441\" src=\"https:\/\/saintlouis-lapaix.com\/lycee-saint-louis\/wp-content\/uploads\/sites\/3\/2025\/03\/Expo-photos-5.jpg\" alt=\"\" width=\"1024\" height=\"768\" srcset=\"https:\/\/saintlouis-lapaix.com\/lycee-saint-louis\/wp-content\/uploads\/sites\/3\/2025\/03\/Expo-photos-5.jpg 1024w, https:\/\/saintlouis-lapaix.com\/lycee-saint-louis\/wp-content\/uploads\/sites\/3\/2025\/03\/Expo-photos-5-300x225.jpg 300w, https:\/\/saintlouis-lapaix.com\/lycee-saint-louis\/wp-content\/uploads\/sites\/3\/2025\/03\/Expo-photos-5-768x576.jpg 768w\" sizes=\"(max-width: 1024px) 100vw, 1024px\" \/><img decoding=\"async\" class=\"alignnone size-full wp-image-3439\" src=\"https:\/\/saintlouis-lapaix.com\/lycee-saint-louis\/wp-content\/uploads\/sites\/3\/2025\/03\/Expo-photos-2.jpg\" alt=\"\" width=\"768\" height=\"1024\" srcset=\"https:\/\/saintlouis-lapaix.com\/lycee-saint-louis\/wp-content\/uploads\/sites\/3\/2025\/03\/Expo-photos-2.jpg 768w, https:\/\/saintlouis-lapaix.com\/lycee-saint-louis\/wp-content\/uploads\/sites\/3\/2025\/03\/Expo-photos-2-225x300.jpg 225w\" sizes=\"(max-width: 768px) 100vw, 768px\" \/> <img decoding=\"async\" class=\"alignnone wp-image-3440 size-full\" src=\"https:\/\/saintlouis-lapaix.com\/lycee-saint-louis\/wp-content\/uploads\/sites\/3\/2025\/03\/Expo-photos-3.jpg\" alt=\"\" width=\"768\" height=\"1024\" srcset=\"https:\/\/saintlouis-lapaix.com\/lycee-saint-louis\/wp-content\/uploads\/sites\/3\/2025\/03\/Expo-photos-3.jpg 768w, https:\/\/saintlouis-lapaix.com\/lycee-saint-louis\/wp-content\/uploads\/sites\/3\/2025\/03\/Expo-photos-3-225x300.jpg 225w\" sizes=\"(max-width: 768px) 100vw, 768px\" \/><\/p>\n","protected":false},"excerpt":{"rendered":"<p>\u00ab\u00a0International women war reporters\u00a0\u00bb : an exhibition by 1G1, 1G5, TG4 and TG6 A l&rsquo;occasion de la journ\u00e9e internationale des&hellip;<\/p>\n","protected":false},"author":12,"featured_media":3441,"comment_status":"closed","ping_status":"closed","sticky":false,"template":"","format":"standard","meta":{"_acf_changed":false,"footnotes":"","_members_access_role":[],"_members_access_error":""},"categories":[28,16],"tags":[],"class_list":["post-3438","post","type-post","status-publish","format-standard","has-post-thumbnail","hentry","category-cdi","category-international"],"acf":[],"yoast_head":"<!-- This site is optimized with the Yoast SEO plugin v28.4 - https:\/\/yoast.com\/product\/yoast-seo-wordpress\/ -->\n<title>Journ\u00e9e internationale des droits des femmes - Lyc\u00e9e Saint-Louis<\/title>\n<meta name=\"robots\" content=\"index, follow, max-snippet:-1, max-image-preview:large, max-video-preview:-1\" \/>\n<link rel=\"canonical\" href=\"https:\/\/saintlouis-lapaix.com\/lycee-saint-louis\/journee-internationale-des-droits-des-femmes\/\" \/>\n<meta property=\"og:locale\" content=\"fr_FR\" \/>\n<meta property=\"og:type\" content=\"article\" \/>\n<meta property=\"og:title\" content=\"Journ\u00e9e internationale des droits des femmes - Lyc\u00e9e Saint-Louis\" \/>\n<meta property=\"og:description\" content=\"\u00ab\u00a0International women war reporters\u00a0\u00bb : an exhibition by 1G1, 1G5, TG4 and TG6 A l&rsquo;occasion de la journ\u00e9e internationale des&hellip;\" \/>\n<meta property=\"og:url\" content=\"https:\/\/saintlouis-lapaix.com\/lycee-saint-louis\/journee-internationale-des-droits-des-femmes\/\" \/>\n<meta property=\"og:site_name\" content=\"Lyc\u00e9e Saint-Louis\" \/>\n<meta property=\"article:published_time\" content=\"2025-03-14T15:30:50+00:00\" \/>\n<meta property=\"article:modified_time\" content=\"2025-03-28T11:21:12+00:00\" \/>\n<meta property=\"og:image\" content=\"https:\/\/saintlouis-lapaix.com\/lycee-saint-louis\/wp-content\/uploads\/sites\/3\/2025\/03\/Expo-photos-5.jpg\" \/>\n\t<meta property=\"og:image:width\" content=\"1024\" \/>\n\t<meta property=\"og:image:height\" content=\"768\" \/>\n\t<meta property=\"og:image:type\" content=\"image\/jpeg\" \/>\n<meta name=\"author\" content=\"cpocher\" \/>\n<meta name=\"twitter:card\" content=\"summary_large_image\" \/>\n<meta name=\"twitter:label1\" content=\"\u00c9crit par\" \/>\n\t<meta name=\"twitter:data1\" content=\"cpocher\" \/>\n\t<meta name=\"twitter:label2\" content=\"Dur\u00e9e de lecture estim\u00e9e\" \/>\n\t<meta name=\"twitter:data2\" content=\"2 minutes\" \/>\n<script type=\"application\/ld+json\" class=\"yoast-schema-graph\">{\"@context\":\"https:\\\/\\\/schema.org\",\"@graph\":[{\"@type\":\"Article\",\"@id\":\"https:\\\/\\\/saintlouis-lapaix.com\\\/lycee-saint-louis\\\/journee-internationale-des-droits-des-femmes\\\/#article\",\"isPartOf\":{\"@id\":\"https:\\\/\\\/saintlouis-lapaix.com\\\/lycee-saint-louis\\\/journee-internationale-des-droits-des-femmes\\\/\"},\"author\":{\"name\":\"cpocher\",\"@id\":\"https:\\\/\\\/saintlouis-lapaix.com\\\/lycee-saint-louis\\\/#\\\/schema\\\/person\\\/63c6e6ec6c5187c2b804b6fdcab4e1d7\"},\"headline\":\"Journ\u00e9e internationale des droits des femmes\",\"datePublished\":\"2025-03-14T15:30:50+00:00\",\"dateModified\":\"2025-03-28T11:21:12+00:00\",\"mainEntityOfPage\":{\"@id\":\"https:\\\/\\\/saintlouis-lapaix.com\\\/lycee-saint-louis\\\/journee-internationale-des-droits-des-femmes\\\/\"},\"wordCount\":167,\"image\":{\"@id\":\"https:\\\/\\\/saintlouis-lapaix.com\\\/lycee-saint-louis\\\/journee-internationale-des-droits-des-femmes\\\/#primaryimage\"},\"thumbnailUrl\":\"https:\\\/\\\/saintlouis-lapaix.com\\\/lycee-saint-louis\\\/wp-content\\\/uploads\\\/sites\\\/3\\\/2025\\\/03\\\/Expo-photos-5.jpg\",\"articleSection\":[\"CDI\",\"International\"],\"inLanguage\":\"fr-FR\"},{\"@type\":\"WebPage\",\"@id\":\"https:\\\/\\\/saintlouis-lapaix.com\\\/lycee-saint-louis\\\/journee-internationale-des-droits-des-femmes\\\/\",\"url\":\"https:\\\/\\\/saintlouis-lapaix.com\\\/lycee-saint-louis\\\/journee-internationale-des-droits-des-femmes\\\/\",\"name\":\"Journ\u00e9e internationale des droits des femmes - Lyc\u00e9e Saint-Louis\",\"isPartOf\":{\"@id\":\"https:\\\/\\\/saintlouis-lapaix.com\\\/lycee-saint-louis\\\/#website\"},\"primaryImageOfPage\":{\"@id\":\"https:\\\/\\\/saintlouis-lapaix.com\\\/lycee-saint-louis\\\/journee-internationale-des-droits-des-femmes\\\/#primaryimage\"},\"image\":{\"@id\":\"https:\\\/\\\/saintlouis-lapaix.com\\\/lycee-saint-louis\\\/journee-internationale-des-droits-des-femmes\\\/#primaryimage\"},\"thumbnailUrl\":\"https:\\\/\\\/saintlouis-lapaix.com\\\/lycee-saint-louis\\\/wp-content\\\/uploads\\\/sites\\\/3\\\/2025\\\/03\\\/Expo-photos-5.jpg\",\"datePublished\":\"2025-03-14T15:30:50+00:00\",\"dateModified\":\"2025-03-28T11:21:12+00:00\",\"author\":{\"@id\":\"https:\\\/\\\/saintlouis-lapaix.com\\\/lycee-saint-louis\\\/#\\\/schema\\\/person\\\/63c6e6ec6c5187c2b804b6fdcab4e1d7\"},\"breadcrumb\":{\"@id\":\"https:\\\/\\\/saintlouis-lapaix.com\\\/lycee-saint-louis\\\/journee-internationale-des-droits-des-femmes\\\/#breadcrumb\"},\"inLanguage\":\"fr-FR\",\"potentialAction\":[{\"@type\":\"ReadAction\",\"target\":[\"https:\\\/\\\/saintlouis-lapaix.com\\\/lycee-saint-louis\\\/journee-internationale-des-droits-des-femmes\\\/\"]}]},{\"@type\":\"ImageObject\",\"inLanguage\":\"fr-FR\",\"@id\":\"https:\\\/\\\/saintlouis-lapaix.com\\\/lycee-saint-louis\\\/journee-internationale-des-droits-des-femmes\\\/#primaryimage\",\"url\":\"https:\\\/\\\/saintlouis-lapaix.com\\\/lycee-saint-louis\\\/wp-content\\\/uploads\\\/sites\\\/3\\\/2025\\\/03\\\/Expo-photos-5.jpg\",\"contentUrl\":\"https:\\\/\\\/saintlouis-lapaix.com\\\/lycee-saint-louis\\\/wp-content\\\/uploads\\\/sites\\\/3\\\/2025\\\/03\\\/Expo-photos-5.jpg\",\"width\":1024,\"height\":768},{\"@type\":\"BreadcrumbList\",\"@id\":\"https:\\\/\\\/saintlouis-lapaix.com\\\/lycee-saint-louis\\\/journee-internationale-des-droits-des-femmes\\\/#breadcrumb\",\"itemListElement\":[{\"@type\":\"ListItem\",\"position\":1,\"name\":\"Accueil\",\"item\":\"https:\\\/\\\/saintlouis-lapaix.com\\\/lycee-saint-louis\\\/\"},{\"@type\":\"ListItem\",\"position\":2,\"name\":\"Journ\u00e9e internationale des droits des femmes\"}]},{\"@type\":\"WebSite\",\"@id\":\"https:\\\/\\\/saintlouis-lapaix.com\\\/lycee-saint-louis\\\/#website\",\"url\":\"https:\\\/\\\/saintlouis-lapaix.com\\\/lycee-saint-louis\\\/\",\"name\":\"Lyc\u00e9e Saint-Louis\",\"description\":\"Lyc\u00e9e d\u2019Enseignement G\u00e9n\u00e9ral et Technologique\",\"potentialAction\":[{\"@type\":\"SearchAction\",\"target\":{\"@type\":\"EntryPoint\",\"urlTemplate\":\"https:\\\/\\\/saintlouis-lapaix.com\\\/lycee-saint-louis\\\/?s={search_term_string}\"},\"query-input\":{\"@type\":\"PropertyValueSpecification\",\"valueRequired\":true,\"valueName\":\"search_term_string\"}}],\"inLanguage\":\"fr-FR\"},{\"@type\":\"Person\",\"@id\":\"https:\\\/\\\/saintlouis-lapaix.com\\\/lycee-saint-louis\\\/#\\\/schema\\\/person\\\/63c6e6ec6c5187c2b804b6fdcab4e1d7\",\"name\":\"cpocher\",\"image\":{\"@type\":\"ImageObject\",\"inLanguage\":\"fr-FR\",\"@id\":\"https:\\\/\\\/secure.gravatar.com\\\/avatar\\\/c43fad9b2b2d6272553eb16fbed719570f891e271898532b177e49a509fcad37?s=96&d=mm&r=g\",\"url\":\"https:\\\/\\\/secure.gravatar.com\\\/avatar\\\/c43fad9b2b2d6272553eb16fbed719570f891e271898532b177e49a509fcad37?s=96&d=mm&r=g\",\"contentUrl\":\"https:\\\/\\\/secure.gravatar.com\\\/avatar\\\/c43fad9b2b2d6272553eb16fbed719570f891e271898532b177e49a509fcad37?s=96&d=mm&r=g\",\"caption\":\"cpocher\"}}]}<\/script>\n<!-- \/ Yoast SEO plugin. -->","yoast_head_json":{"title":"Journ\u00e9e internationale des droits des femmes - Lyc\u00e9e Saint-Louis","robots":{"index":"index","follow":"follow","max-snippet":"max-snippet:-1","max-image-preview":"max-image-preview:large","max-video-preview":"max-video-preview:-1"},"canonical":"https:\/\/saintlouis-lapaix.com\/lycee-saint-louis\/journee-internationale-des-droits-des-femmes\/","og_locale":"fr_FR","og_type":"article","og_title":"Journ\u00e9e internationale des droits des femmes - Lyc\u00e9e Saint-Louis","og_description":"\u00ab\u00a0International women war reporters\u00a0\u00bb : an exhibition by 1G1, 1G5, TG4 and TG6 A l&rsquo;occasion de la journ\u00e9e internationale des&hellip;","og_url":"https:\/\/saintlouis-lapaix.com\/lycee-saint-louis\/journee-internationale-des-droits-des-femmes\/","og_site_name":"Lyc\u00e9e Saint-Louis","article_published_time":"2025-03-14T15:30:50+00:00","article_modified_time":"2025-03-28T11:21:12+00:00","og_image":[{"width":1024,"height":768,"url":"https:\/\/saintlouis-lapaix.com\/lycee-saint-louis\/wp-content\/uploads\/sites\/3\/2025\/03\/Expo-photos-5.jpg","type":"image\/jpeg"}],"author":"cpocher","twitter_card":"summary_large_image","twitter_misc":{"\u00c9crit par":"cpocher","Dur\u00e9e de lecture estim\u00e9e":"2 minutes"},"schema":{"@context":"https:\/\/schema.org","@graph":[{"@type":"Article","@id":"https:\/\/saintlouis-lapaix.com\/lycee-saint-louis\/journee-internationale-des-droits-des-femmes\/#article","isPartOf":{"@id":"https:\/\/saintlouis-lapaix.com\/lycee-saint-louis\/journee-internationale-des-droits-des-femmes\/"},"author":{"name":"cpocher","@id":"https:\/\/saintlouis-lapaix.com\/lycee-saint-louis\/#\/schema\/person\/63c6e6ec6c5187c2b804b6fdcab4e1d7"},"headline":"Journ\u00e9e internationale des droits des femmes","datePublished":"2025-03-14T15:30:50+00:00","dateModified":"2025-03-28T11:21:12+00:00","mainEntityOfPage":{"@id":"https:\/\/saintlouis-lapaix.com\/lycee-saint-louis\/journee-internationale-des-droits-des-femmes\/"},"wordCount":167,"image":{"@id":"https:\/\/saintlouis-lapaix.com\/lycee-saint-louis\/journee-internationale-des-droits-des-femmes\/#primaryimage"},"thumbnailUrl":"https:\/\/saintlouis-lapaix.com\/lycee-saint-louis\/wp-content\/uploads\/sites\/3\/2025\/03\/Expo-photos-5.jpg","articleSection":["CDI","International"],"inLanguage":"fr-FR"},{"@type":"WebPage","@id":"https:\/\/saintlouis-lapaix.com\/lycee-saint-louis\/journee-internationale-des-droits-des-femmes\/","url":"https:\/\/saintlouis-lapaix.com\/lycee-saint-louis\/journee-internationale-des-droits-des-femmes\/","name":"Journ\u00e9e internationale des droits des femmes - Lyc\u00e9e Saint-Louis","isPartOf":{"@id":"https:\/\/saintlouis-lapaix.com\/lycee-saint-louis\/#website"},"primaryImageOfPage":{"@id":"https:\/\/saintlouis-lapaix.com\/lycee-saint-louis\/journee-internationale-des-droits-des-femmes\/#primaryimage"},"image":{"@id":"https:\/\/saintlouis-lapaix.com\/lycee-saint-louis\/journee-internationale-des-droits-des-femmes\/#primaryimage"},"thumbnailUrl":"https:\/\/saintlouis-lapaix.com\/lycee-saint-louis\/wp-content\/uploads\/sites\/3\/2025\/03\/Expo-photos-5.jpg","datePublished":"2025-03-14T15:30:50+00:00","dateModified":"2025-03-28T11:21:12+00:00","author":{"@id":"https:\/\/saintlouis-lapaix.com\/lycee-saint-louis\/#\/schema\/person\/63c6e6ec6c5187c2b804b6fdcab4e1d7"},"breadcrumb":{"@id":"https:\/\/saintlouis-lapaix.com\/lycee-saint-louis\/journee-internationale-des-droits-des-femmes\/#breadcrumb"},"inLanguage":"fr-FR","potentialAction":[{"@type":"ReadAction","target":["https:\/\/saintlouis-lapaix.com\/lycee-saint-louis\/journee-internationale-des-droits-des-femmes\/"]}]},{"@type":"ImageObject","inLanguage":"fr-FR","@id":"https:\/\/saintlouis-lapaix.com\/lycee-saint-louis\/journee-internationale-des-droits-des-femmes\/#primaryimage","url":"https:\/\/saintlouis-lapaix.com\/lycee-saint-louis\/wp-content\/uploads\/sites\/3\/2025\/03\/Expo-photos-5.jpg","contentUrl":"https:\/\/saintlouis-lapaix.com\/lycee-saint-louis\/wp-content\/uploads\/sites\/3\/2025\/03\/Expo-photos-5.jpg","width":1024,"height":768},{"@type":"BreadcrumbList","@id":"https:\/\/saintlouis-lapaix.com\/lycee-saint-louis\/journee-internationale-des-droits-des-femmes\/#breadcrumb","itemListElement":[{"@type":"ListItem","position":1,"name":"Accueil","item":"https:\/\/saintlouis-lapaix.com\/lycee-saint-louis\/"},{"@type":"ListItem","position":2,"name":"Journ\u00e9e internationale des droits des femmes"}]},{"@type":"WebSite","@id":"https:\/\/saintlouis-lapaix.com\/lycee-saint-louis\/#website","url":"https:\/\/saintlouis-lapaix.com\/lycee-saint-louis\/","name":"Lyc\u00e9e Saint-Louis","description":"Lyc\u00e9e d\u2019Enseignement G\u00e9n\u00e9ral et Technologique","potentialAction":[{"@type":"SearchAction","target":{"@type":"EntryPoint","urlTemplate":"https:\/\/saintlouis-lapaix.com\/lycee-saint-louis\/?s={search_term_string}"},"query-input":{"@type":"PropertyValueSpecification","valueRequired":true,"valueName":"search_term_string"}}],"inLanguage":"fr-FR"},{"@type":"Person","@id":"https:\/\/saintlouis-lapaix.com\/lycee-saint-louis\/#\/schema\/person\/63c6e6ec6c5187c2b804b6fdcab4e1d7","name":"cpocher","image":{"@type":"ImageObject","inLanguage":"fr-FR","@id":"https:\/\/secure.gravatar.com\/avatar\/c43fad9b2b2d6272553eb16fbed719570f891e271898532b177e49a509fcad37?s=96&d=mm&r=g","url":"https:\/\/secure.gravatar.com\/avatar\/c43fad9b2b2d6272553eb16fbed719570f891e271898532b177e49a509fcad37?s=96&d=mm&r=g","contentUrl":"https:\/\/secure.gravatar.com\/avatar\/c43fad9b2b2d6272553eb16fbed719570f891e271898532b177e49a509fcad37?s=96&d=mm&r=g","caption":"cpocher"}}]}},"_links":{"self":[{"href":"https:\/\/saintlouis-lapaix.com\/lycee-saint-louis\/wp-json\/wp\/v2\/posts\/3438","targetHints":{"allow":["GET"]}}],"collection":[{"href":"https:\/\/saintlouis-lapaix.com\/lycee-saint-louis\/wp-json\/wp\/v2\/posts"}],"about":[{"href":"https:\/\/saintlouis-lapaix.com\/lycee-saint-louis\/wp-json\/wp\/v2\/types\/post"}],"author":[{"embeddable":true,"href":"https:\/\/saintlouis-lapaix.com\/lycee-saint-louis\/wp-json\/wp\/v2\/users\/12"}],"replies":[{"embeddable":true,"href":"https:\/\/saintlouis-lapaix.com\/lycee-saint-louis\/wp-json\/wp\/v2\/comments?post=3438"}],"version-history":[{"count":3,"href":"https:\/\/saintlouis-lapaix.com\/lycee-saint-louis\/wp-json\/wp\/v2\/posts\/3438\/revisions"}],"predecessor-version":[{"id":3532,"href":"https:\/\/saintlouis-lapaix.com\/lycee-saint-louis\/wp-json\/wp\/v2\/posts\/3438\/revisions\/3532"}],"wp:featuredmedia":[{"embeddable":true,"href":"https:\/\/saintlouis-lapaix.com\/lycee-saint-louis\/wp-json\/wp\/v2\/media\/3441"}],"wp:attachment":[{"href":"https:\/\/saintlouis-lapaix.com\/lycee-saint-louis\/wp-json\/wp\/v2\/media?parent=3438"}],"wp:term":[{"taxonomy":"category","embeddable":true,"href":"https:\/\/saintlouis-lapaix.com\/lycee-saint-louis\/wp-json\/wp\/v2\/categories?post=3438"},{"taxonomy":"post_tag","embeddable":true,"href":"https:\/\/saintlouis-lapaix.com\/lycee-saint-louis\/wp-json\/wp\/v2\/tags?post=3438"}],"curies":[{"name":"wp","href":"https:\/\/api.w.org\/{rel}","templated":true}]}}