{"id":3062,"date":"2024-04-08T14:45:20","date_gmt":"2024-04-08T12:45:20","guid":{"rendered":"https:\/\/saintlouis-lapaix.com\/lycee-saint-louis\/?p=3062"},"modified":"2024-12-06T16:03:02","modified_gmt":"2024-12-06T15:03:02","slug":"semaine-des-langues-video","status":"publish","type":"post","link":"https:\/\/saintlouis-lapaix.com\/lycee-saint-louis\/semaine-des-langues-video\/","title":{"rendered":"Semaine des langues [VID\u00c9O]"},"content":{"rendered":"<p><div class=\"video-container youtube\" style=\"padding-bottom: 56.2%;\"><iframe loading=\"lazy\" title=\"CLIP Semaine des langues 2024 ST LOUIS LORIENT\" width=\"500\" height=\"281\" src=\"https:\/\/www.youtube.com\/embed\/XSIL-bubDdA?feature=oembed&#038;enablejsapi=1&#038;origin=https:\/\/saintlouis-lapaix.com\" frameborder=\"0\" allow=\"accelerometer; autoplay; clipboard-write; encrypted-media; gyroscope; picture-in-picture; web-share\" referrerpolicy=\"strict-origin-when-cross-origin\" allowfullscreen><\/iframe><\/div><\/p>\n<div dir=\"auto\">Dans le cadre de la Semaine des langues les germanistes du lyc\u00e9e Saint-Louis ont produit une courte vid\u00e9o sur le th\u00e8me des Jeux Olympiques. Une belle initiative conduite par la professeure d&rsquo;Allemand Mme Oliviero ! Bravo \u00e0 tous<\/div>\n<div dir=\"auto\"><\/div>\n<h3 dir=\"auto\"><span style=\"color: #993366;\"><strong><a style=\"color: #993366;\" href=\"https:\/\/saintlouis-lapaix.com\/lycee-saint-louis\/international\/lallemand-au-lycee\/\" target=\"_blank\" rel=\"noopener\">En savoir plus sur la pratique de la langue allemande au lyc\u00e9e Saint-Louis de Lorient<\/a><\/strong><\/span><\/h3>\n","protected":false},"excerpt":{"rendered":"<p>Dans le cadre de la Semaine des langues les germanistes du lyc\u00e9e Saint-Louis ont produit une courte vid\u00e9o sur le&hellip;<\/p>\n","protected":false},"author":12,"featured_media":3064,"comment_status":"closed","ping_status":"closed","sticky":false,"template":"","format":"standard","meta":{"_acf_changed":false,"footnotes":""},"categories":[16],"tags":[],"class_list":["post-3062","post","type-post","status-publish","format-standard","has-post-thumbnail","hentry","category-international"],"acf":[],"yoast_head":"<!-- This site is optimized with the Yoast SEO plugin v27.5 - https:\/\/yoast.com\/product\/yoast-seo-wordpress\/ -->\n<title>Semaine des langues [VID\u00c9O] - Lyc\u00e9e Saint-Louis<\/title>\n<meta name=\"robots\" content=\"index, follow, max-snippet:-1, max-image-preview:large, max-video-preview:-1\" \/>\n<link rel=\"canonical\" href=\"https:\/\/saintlouis-lapaix.com\/lycee-saint-louis\/semaine-des-langues-video\/\" \/>\n<meta property=\"og:locale\" content=\"fr_FR\" \/>\n<meta property=\"og:type\" content=\"article\" \/>\n<meta property=\"og:title\" content=\"Semaine des langues [VID\u00c9O] - Lyc\u00e9e Saint-Louis\" \/>\n<meta property=\"og:description\" content=\"Dans le cadre de la Semaine des langues les germanistes du lyc\u00e9e Saint-Louis ont produit une courte vid\u00e9o sur le&hellip;\" \/>\n<meta property=\"og:url\" content=\"https:\/\/saintlouis-lapaix.com\/lycee-saint-louis\/semaine-des-langues-video\/\" \/>\n<meta property=\"og:site_name\" content=\"Lyc\u00e9e Saint-Louis\" \/>\n<meta property=\"article:published_time\" content=\"2024-04-08T12:45:20+00:00\" \/>\n<meta property=\"article:modified_time\" content=\"2024-12-06T15:03:02+00:00\" \/>\n<meta property=\"og:image\" content=\"https:\/\/saintlouis-lapaix.com\/lycee-saint-louis\/wp-content\/uploads\/sites\/3\/2024\/04\/JO-semaine-des-langues-Allemand-site-24.png\" \/>\n\t<meta property=\"og:image:width\" content=\"605\" \/>\n\t<meta property=\"og:image:height\" content=\"340\" \/>\n\t<meta property=\"og:image:type\" content=\"image\/png\" \/>\n<meta name=\"author\" content=\"cpocher\" \/>\n<meta name=\"twitter:card\" content=\"summary_large_image\" \/>\n<meta name=\"twitter:label1\" content=\"\u00c9crit par\" \/>\n\t<meta name=\"twitter:data1\" content=\"cpocher\" \/>\n\t<meta name=\"twitter:label2\" content=\"Dur\u00e9e de lecture estim\u00e9e\" \/>\n\t<meta name=\"twitter:data2\" content=\"1 minute\" \/>\n<script type=\"application\/ld+json\" class=\"yoast-schema-graph\">{\"@context\":\"https:\\\/\\\/schema.org\",\"@graph\":[{\"@type\":\"Article\",\"@id\":\"https:\\\/\\\/saintlouis-lapaix.com\\\/lycee-saint-louis\\\/semaine-des-langues-video\\\/#article\",\"isPartOf\":{\"@id\":\"https:\\\/\\\/saintlouis-lapaix.com\\\/lycee-saint-louis\\\/semaine-des-langues-video\\\/\"},\"author\":{\"name\":\"cpocher\",\"@id\":\"https:\\\/\\\/saintlouis-lapaix.com\\\/lycee-saint-louis\\\/#\\\/schema\\\/person\\\/63c6e6ec6c5187c2b804b6fdcab4e1d7\"},\"headline\":\"Semaine des langues [VID\u00c9O]\",\"datePublished\":\"2024-04-08T12:45:20+00:00\",\"dateModified\":\"2024-12-06T15:03:02+00:00\",\"mainEntityOfPage\":{\"@id\":\"https:\\\/\\\/saintlouis-lapaix.com\\\/lycee-saint-louis\\\/semaine-des-langues-video\\\/\"},\"wordCount\":71,\"image\":{\"@id\":\"https:\\\/\\\/saintlouis-lapaix.com\\\/lycee-saint-louis\\\/semaine-des-langues-video\\\/#primaryimage\"},\"thumbnailUrl\":\"https:\\\/\\\/saintlouis-lapaix.com\\\/lycee-saint-louis\\\/wp-content\\\/uploads\\\/sites\\\/3\\\/2024\\\/04\\\/JO-semaine-des-langues-Allemand-site-24.png\",\"articleSection\":[\"International\"],\"inLanguage\":\"fr-FR\"},{\"@type\":\"WebPage\",\"@id\":\"https:\\\/\\\/saintlouis-lapaix.com\\\/lycee-saint-louis\\\/semaine-des-langues-video\\\/\",\"url\":\"https:\\\/\\\/saintlouis-lapaix.com\\\/lycee-saint-louis\\\/semaine-des-langues-video\\\/\",\"name\":\"Semaine des langues [VID\u00c9O] - Lyc\u00e9e Saint-Louis\",\"isPartOf\":{\"@id\":\"https:\\\/\\\/saintlouis-lapaix.com\\\/lycee-saint-louis\\\/#website\"},\"primaryImageOfPage\":{\"@id\":\"https:\\\/\\\/saintlouis-lapaix.com\\\/lycee-saint-louis\\\/semaine-des-langues-video\\\/#primaryimage\"},\"image\":{\"@id\":\"https:\\\/\\\/saintlouis-lapaix.com\\\/lycee-saint-louis\\\/semaine-des-langues-video\\\/#primaryimage\"},\"thumbnailUrl\":\"https:\\\/\\\/saintlouis-lapaix.com\\\/lycee-saint-louis\\\/wp-content\\\/uploads\\\/sites\\\/3\\\/2024\\\/04\\\/JO-semaine-des-langues-Allemand-site-24.png\",\"datePublished\":\"2024-04-08T12:45:20+00:00\",\"dateModified\":\"2024-12-06T15:03:02+00:00\",\"author\":{\"@id\":\"https:\\\/\\\/saintlouis-lapaix.com\\\/lycee-saint-louis\\\/#\\\/schema\\\/person\\\/63c6e6ec6c5187c2b804b6fdcab4e1d7\"},\"breadcrumb\":{\"@id\":\"https:\\\/\\\/saintlouis-lapaix.com\\\/lycee-saint-louis\\\/semaine-des-langues-video\\\/#breadcrumb\"},\"inLanguage\":\"fr-FR\",\"potentialAction\":[{\"@type\":\"ReadAction\",\"target\":[\"https:\\\/\\\/saintlouis-lapaix.com\\\/lycee-saint-louis\\\/semaine-des-langues-video\\\/\"]}]},{\"@type\":\"ImageObject\",\"inLanguage\":\"fr-FR\",\"@id\":\"https:\\\/\\\/saintlouis-lapaix.com\\\/lycee-saint-louis\\\/semaine-des-langues-video\\\/#primaryimage\",\"url\":\"https:\\\/\\\/saintlouis-lapaix.com\\\/lycee-saint-louis\\\/wp-content\\\/uploads\\\/sites\\\/3\\\/2024\\\/04\\\/JO-semaine-des-langues-Allemand-site-24.png\",\"contentUrl\":\"https:\\\/\\\/saintlouis-lapaix.com\\\/lycee-saint-louis\\\/wp-content\\\/uploads\\\/sites\\\/3\\\/2024\\\/04\\\/JO-semaine-des-langues-Allemand-site-24.png\",\"width\":605,\"height\":340},{\"@type\":\"BreadcrumbList\",\"@id\":\"https:\\\/\\\/saintlouis-lapaix.com\\\/lycee-saint-louis\\\/semaine-des-langues-video\\\/#breadcrumb\",\"itemListElement\":[{\"@type\":\"ListItem\",\"position\":1,\"name\":\"Accueil\",\"item\":\"https:\\\/\\\/saintlouis-lapaix.com\\\/lycee-saint-louis\\\/\"},{\"@type\":\"ListItem\",\"position\":2,\"name\":\"Semaine des langues [VID\u00c9O]\"}]},{\"@type\":\"WebSite\",\"@id\":\"https:\\\/\\\/saintlouis-lapaix.com\\\/lycee-saint-louis\\\/#website\",\"url\":\"https:\\\/\\\/saintlouis-lapaix.com\\\/lycee-saint-louis\\\/\",\"name\":\"Lyc\u00e9e Saint-Louis\",\"description\":\"Lyc\u00e9e d\u2019Enseignement G\u00e9n\u00e9ral et Technologique\",\"potentialAction\":[{\"@type\":\"SearchAction\",\"target\":{\"@type\":\"EntryPoint\",\"urlTemplate\":\"https:\\\/\\\/saintlouis-lapaix.com\\\/lycee-saint-louis\\\/?s={search_term_string}\"},\"query-input\":{\"@type\":\"PropertyValueSpecification\",\"valueRequired\":true,\"valueName\":\"search_term_string\"}}],\"inLanguage\":\"fr-FR\"},{\"@type\":\"Person\",\"@id\":\"https:\\\/\\\/saintlouis-lapaix.com\\\/lycee-saint-louis\\\/#\\\/schema\\\/person\\\/63c6e6ec6c5187c2b804b6fdcab4e1d7\",\"name\":\"cpocher\",\"image\":{\"@type\":\"ImageObject\",\"inLanguage\":\"fr-FR\",\"@id\":\"https:\\\/\\\/secure.gravatar.com\\\/avatar\\\/c43fad9b2b2d6272553eb16fbed719570f891e271898532b177e49a509fcad37?s=96&d=mm&r=g\",\"url\":\"https:\\\/\\\/secure.gravatar.com\\\/avatar\\\/c43fad9b2b2d6272553eb16fbed719570f891e271898532b177e49a509fcad37?s=96&d=mm&r=g\",\"contentUrl\":\"https:\\\/\\\/secure.gravatar.com\\\/avatar\\\/c43fad9b2b2d6272553eb16fbed719570f891e271898532b177e49a509fcad37?s=96&d=mm&r=g\",\"caption\":\"cpocher\"}}]}<\/script>\n<!-- \/ Yoast SEO plugin. -->","yoast_head_json":{"title":"Semaine des langues [VID\u00c9O] - Lyc\u00e9e Saint-Louis","robots":{"index":"index","follow":"follow","max-snippet":"max-snippet:-1","max-image-preview":"max-image-preview:large","max-video-preview":"max-video-preview:-1"},"canonical":"https:\/\/saintlouis-lapaix.com\/lycee-saint-louis\/semaine-des-langues-video\/","og_locale":"fr_FR","og_type":"article","og_title":"Semaine des langues [VID\u00c9O] - Lyc\u00e9e Saint-Louis","og_description":"Dans le cadre de la Semaine des langues les germanistes du lyc\u00e9e Saint-Louis ont produit une courte vid\u00e9o sur le&hellip;","og_url":"https:\/\/saintlouis-lapaix.com\/lycee-saint-louis\/semaine-des-langues-video\/","og_site_name":"Lyc\u00e9e Saint-Louis","article_published_time":"2024-04-08T12:45:20+00:00","article_modified_time":"2024-12-06T15:03:02+00:00","og_image":[{"width":605,"height":340,"url":"https:\/\/saintlouis-lapaix.com\/lycee-saint-louis\/wp-content\/uploads\/sites\/3\/2024\/04\/JO-semaine-des-langues-Allemand-site-24.png","type":"image\/png"}],"author":"cpocher","twitter_card":"summary_large_image","twitter_misc":{"\u00c9crit par":"cpocher","Dur\u00e9e de lecture estim\u00e9e":"1 minute"},"schema":{"@context":"https:\/\/schema.org","@graph":[{"@type":"Article","@id":"https:\/\/saintlouis-lapaix.com\/lycee-saint-louis\/semaine-des-langues-video\/#article","isPartOf":{"@id":"https:\/\/saintlouis-lapaix.com\/lycee-saint-louis\/semaine-des-langues-video\/"},"author":{"name":"cpocher","@id":"https:\/\/saintlouis-lapaix.com\/lycee-saint-louis\/#\/schema\/person\/63c6e6ec6c5187c2b804b6fdcab4e1d7"},"headline":"Semaine des langues [VID\u00c9O]","datePublished":"2024-04-08T12:45:20+00:00","dateModified":"2024-12-06T15:03:02+00:00","mainEntityOfPage":{"@id":"https:\/\/saintlouis-lapaix.com\/lycee-saint-louis\/semaine-des-langues-video\/"},"wordCount":71,"image":{"@id":"https:\/\/saintlouis-lapaix.com\/lycee-saint-louis\/semaine-des-langues-video\/#primaryimage"},"thumbnailUrl":"https:\/\/saintlouis-lapaix.com\/lycee-saint-louis\/wp-content\/uploads\/sites\/3\/2024\/04\/JO-semaine-des-langues-Allemand-site-24.png","articleSection":["International"],"inLanguage":"fr-FR"},{"@type":"WebPage","@id":"https:\/\/saintlouis-lapaix.com\/lycee-saint-louis\/semaine-des-langues-video\/","url":"https:\/\/saintlouis-lapaix.com\/lycee-saint-louis\/semaine-des-langues-video\/","name":"Semaine des langues [VID\u00c9O] - Lyc\u00e9e Saint-Louis","isPartOf":{"@id":"https:\/\/saintlouis-lapaix.com\/lycee-saint-louis\/#website"},"primaryImageOfPage":{"@id":"https:\/\/saintlouis-lapaix.com\/lycee-saint-louis\/semaine-des-langues-video\/#primaryimage"},"image":{"@id":"https:\/\/saintlouis-lapaix.com\/lycee-saint-louis\/semaine-des-langues-video\/#primaryimage"},"thumbnailUrl":"https:\/\/saintlouis-lapaix.com\/lycee-saint-louis\/wp-content\/uploads\/sites\/3\/2024\/04\/JO-semaine-des-langues-Allemand-site-24.png","datePublished":"2024-04-08T12:45:20+00:00","dateModified":"2024-12-06T15:03:02+00:00","author":{"@id":"https:\/\/saintlouis-lapaix.com\/lycee-saint-louis\/#\/schema\/person\/63c6e6ec6c5187c2b804b6fdcab4e1d7"},"breadcrumb":{"@id":"https:\/\/saintlouis-lapaix.com\/lycee-saint-louis\/semaine-des-langues-video\/#breadcrumb"},"inLanguage":"fr-FR","potentialAction":[{"@type":"ReadAction","target":["https:\/\/saintlouis-lapaix.com\/lycee-saint-louis\/semaine-des-langues-video\/"]}]},{"@type":"ImageObject","inLanguage":"fr-FR","@id":"https:\/\/saintlouis-lapaix.com\/lycee-saint-louis\/semaine-des-langues-video\/#primaryimage","url":"https:\/\/saintlouis-lapaix.com\/lycee-saint-louis\/wp-content\/uploads\/sites\/3\/2024\/04\/JO-semaine-des-langues-Allemand-site-24.png","contentUrl":"https:\/\/saintlouis-lapaix.com\/lycee-saint-louis\/wp-content\/uploads\/sites\/3\/2024\/04\/JO-semaine-des-langues-Allemand-site-24.png","width":605,"height":340},{"@type":"BreadcrumbList","@id":"https:\/\/saintlouis-lapaix.com\/lycee-saint-louis\/semaine-des-langues-video\/#breadcrumb","itemListElement":[{"@type":"ListItem","position":1,"name":"Accueil","item":"https:\/\/saintlouis-lapaix.com\/lycee-saint-louis\/"},{"@type":"ListItem","position":2,"name":"Semaine des langues [VID\u00c9O]"}]},{"@type":"WebSite","@id":"https:\/\/saintlouis-lapaix.com\/lycee-saint-louis\/#website","url":"https:\/\/saintlouis-lapaix.com\/lycee-saint-louis\/","name":"Lyc\u00e9e Saint-Louis","description":"Lyc\u00e9e d\u2019Enseignement G\u00e9n\u00e9ral et Technologique","potentialAction":[{"@type":"SearchAction","target":{"@type":"EntryPoint","urlTemplate":"https:\/\/saintlouis-lapaix.com\/lycee-saint-louis\/?s={search_term_string}"},"query-input":{"@type":"PropertyValueSpecification","valueRequired":true,"valueName":"search_term_string"}}],"inLanguage":"fr-FR"},{"@type":"Person","@id":"https:\/\/saintlouis-lapaix.com\/lycee-saint-louis\/#\/schema\/person\/63c6e6ec6c5187c2b804b6fdcab4e1d7","name":"cpocher","image":{"@type":"ImageObject","inLanguage":"fr-FR","@id":"https:\/\/secure.gravatar.com\/avatar\/c43fad9b2b2d6272553eb16fbed719570f891e271898532b177e49a509fcad37?s=96&d=mm&r=g","url":"https:\/\/secure.gravatar.com\/avatar\/c43fad9b2b2d6272553eb16fbed719570f891e271898532b177e49a509fcad37?s=96&d=mm&r=g","contentUrl":"https:\/\/secure.gravatar.com\/avatar\/c43fad9b2b2d6272553eb16fbed719570f891e271898532b177e49a509fcad37?s=96&d=mm&r=g","caption":"cpocher"}}]}},"_links":{"self":[{"href":"https:\/\/saintlouis-lapaix.com\/lycee-saint-louis\/wp-json\/wp\/v2\/posts\/3062","targetHints":{"allow":["GET"]}}],"collection":[{"href":"https:\/\/saintlouis-lapaix.com\/lycee-saint-louis\/wp-json\/wp\/v2\/posts"}],"about":[{"href":"https:\/\/saintlouis-lapaix.com\/lycee-saint-louis\/wp-json\/wp\/v2\/types\/post"}],"author":[{"embeddable":true,"href":"https:\/\/saintlouis-lapaix.com\/lycee-saint-louis\/wp-json\/wp\/v2\/users\/12"}],"replies":[{"embeddable":true,"href":"https:\/\/saintlouis-lapaix.com\/lycee-saint-louis\/wp-json\/wp\/v2\/comments?post=3062"}],"version-history":[{"count":1,"href":"https:\/\/saintlouis-lapaix.com\/lycee-saint-louis\/wp-json\/wp\/v2\/posts\/3062\/revisions"}],"predecessor-version":[{"id":3063,"href":"https:\/\/saintlouis-lapaix.com\/lycee-saint-louis\/wp-json\/wp\/v2\/posts\/3062\/revisions\/3063"}],"wp:featuredmedia":[{"embeddable":true,"href":"https:\/\/saintlouis-lapaix.com\/lycee-saint-louis\/wp-json\/wp\/v2\/media\/3064"}],"wp:attachment":[{"href":"https:\/\/saintlouis-lapaix.com\/lycee-saint-louis\/wp-json\/wp\/v2\/media?parent=3062"}],"wp:term":[{"taxonomy":"category","embeddable":true,"href":"https:\/\/saintlouis-lapaix.com\/lycee-saint-louis\/wp-json\/wp\/v2\/categories?post=3062"},{"taxonomy":"post_tag","embeddable":true,"href":"https:\/\/saintlouis-lapaix.com\/lycee-saint-louis\/wp-json\/wp\/v2\/tags?post=3062"}],"curies":[{"name":"wp","href":"https:\/\/api.w.org\/{rel}","templated":true}]}}