{"id":18121,"date":"2026-09-02T02:57:41","date_gmt":"2026-09-02T00:57:41","guid":{"rendered":"https:\/\/saintlouis-lapaix.com\/college-saint-louis\/?p=18121"},"modified":"2026-09-02T02:58:38","modified_gmt":"2026-09-02T00:58:38","slug":"jour-de-rentree-au-college-saint-louis","status":"publish","type":"post","link":"https:\/\/saintlouis-lapaix.com\/college-saint-louis\/jour-de-rentree-au-college-saint-louis\/","title":{"rendered":"Jour de rentr\u00e9e au coll\u00e8ge Saint Louis"},"content":{"rendered":"<p><strong>\u00a0Ce Mardi 1er Septembre annon\u00e7ait le retour de nos \u00e9l\u00e8ves<\/strong> de 5\u00e8me \/ 4\u00e8me \/ 3\u00e8me mais aussi l&rsquo;arriv\u00e9e de nouveaux coll\u00e9giens, en 6\u00e8me. Comme chaque ann\u00e9e, cette premi\u00e8re journ\u00e9e s&rsquo;est d\u00e9roul\u00e9e sous le soleil, a d\u00e9but\u00e9 par l&rsquo;appel dans la cour. Les \u00e9l\u00e8ves ont ensuite \u00e9t\u00e9 r\u00e9partis dans les diff\u00e9rentes classes. Tout le monde avait h\u00e2te de connaitre ses nouveaux enseignants, d&rsquo;avoir son emploi du temps, d&rsquo;utiliser ses nouveaux stylos&#8230;<\/p>\n<p style=\"text-align: center\">\u00a0 \u00a0 \u00a0<strong>Enseignants et \u00e9l\u00e8ves \u00e9taient ravis de cette premi\u00e8re journ\u00e9e! <\/strong><\/p>\n<p style=\"text-align: center\"><strong>Belle ann\u00e9e scolaire \u00e0 tous!!<\/strong><\/p>\n<p><img decoding=\"async\" class=\"alignnone wp-image-18120\" src=\"https:\/\/saintlouis-lapaix.com\/college-saint-louis\/wp-content\/uploads\/sites\/2\/2026\/09\/1788310051461-300x225.jpg\" alt=\"\" width=\"457\" height=\"343\" srcset=\"https:\/\/saintlouis-lapaix.com\/college-saint-louis\/wp-content\/uploads\/sites\/2\/2026\/09\/1788310051461-300x225.jpg 300w, https:\/\/saintlouis-lapaix.com\/college-saint-louis\/wp-content\/uploads\/sites\/2\/2026\/09\/1788310051461-1024x768.jpg 1024w, https:\/\/saintlouis-lapaix.com\/college-saint-louis\/wp-content\/uploads\/sites\/2\/2026\/09\/1788310051461-768x576.jpg 768w, https:\/\/saintlouis-lapaix.com\/college-saint-louis\/wp-content\/uploads\/sites\/2\/2026\/09\/1788310051461-1536x1152.jpg 1536w, https:\/\/saintlouis-lapaix.com\/college-saint-louis\/wp-content\/uploads\/sites\/2\/2026\/09\/1788310051461-2048x1536.jpg 2048w, https:\/\/saintlouis-lapaix.com\/college-saint-louis\/wp-content\/uploads\/sites\/2\/2026\/09\/1788310051461-1200x900.jpg 1200w\" sizes=\"(max-width: 457px) 100vw, 457px\" \/> <img decoding=\"async\" class=\"alignnone wp-image-18119\" src=\"https:\/\/saintlouis-lapaix.com\/college-saint-louis\/wp-content\/uploads\/sites\/2\/2026\/09\/1788310089000-300x225.jpg\" alt=\"\" width=\"446\" height=\"335\" srcset=\"https:\/\/saintlouis-lapaix.com\/college-saint-louis\/wp-content\/uploads\/sites\/2\/2026\/09\/1788310089000-300x225.jpg 300w, https:\/\/saintlouis-lapaix.com\/college-saint-louis\/wp-content\/uploads\/sites\/2\/2026\/09\/1788310089000-1024x768.jpg 1024w, https:\/\/saintlouis-lapaix.com\/college-saint-louis\/wp-content\/uploads\/sites\/2\/2026\/09\/1788310089000-768x576.jpg 768w, https:\/\/saintlouis-lapaix.com\/college-saint-louis\/wp-content\/uploads\/sites\/2\/2026\/09\/1788310089000-1536x1152.jpg 1536w, https:\/\/saintlouis-lapaix.com\/college-saint-louis\/wp-content\/uploads\/sites\/2\/2026\/09\/1788310089000-2048x1536.jpg 2048w, https:\/\/saintlouis-lapaix.com\/college-saint-louis\/wp-content\/uploads\/sites\/2\/2026\/09\/1788310089000-1200x900.jpg 1200w\" sizes=\"(max-width: 446px) 100vw, 446px\" \/> <img decoding=\"async\" class=\"alignnone wp-image-18118\" src=\"https:\/\/saintlouis-lapaix.com\/college-saint-louis\/wp-content\/uploads\/sites\/2\/2026\/09\/1788310029267-300x225.jpg\" alt=\"\" width=\"453\" height=\"340\" srcset=\"https:\/\/saintlouis-lapaix.com\/college-saint-louis\/wp-content\/uploads\/sites\/2\/2026\/09\/1788310029267-300x225.jpg 300w, https:\/\/saintlouis-lapaix.com\/college-saint-louis\/wp-content\/uploads\/sites\/2\/2026\/09\/1788310029267-1024x768.jpg 1024w, https:\/\/saintlouis-lapaix.com\/college-saint-louis\/wp-content\/uploads\/sites\/2\/2026\/09\/1788310029267-768x576.jpg 768w, https:\/\/saintlouis-lapaix.com\/college-saint-louis\/wp-content\/uploads\/sites\/2\/2026\/09\/1788310029267-1536x1152.jpg 1536w, https:\/\/saintlouis-lapaix.com\/college-saint-louis\/wp-content\/uploads\/sites\/2\/2026\/09\/1788310029267-2048x1536.jpg 2048w, https:\/\/saintlouis-lapaix.com\/college-saint-louis\/wp-content\/uploads\/sites\/2\/2026\/09\/1788310029267-1200x900.jpg 1200w\" sizes=\"(max-width: 453px) 100vw, 453px\" \/><\/p>\n","protected":false},"excerpt":{"rendered":"<p>\u00a0Ce Mardi 1er Septembre annon\u00e7ait le retour de nos \u00e9l\u00e8ves de 5\u00e8me \/ 4\u00e8me \/ 3\u00e8me mais aussi l&rsquo;arriv\u00e9e de&hellip;<\/p>\n","protected":false},"author":4,"featured_media":18120,"comment_status":"open","ping_status":"open","sticky":true,"template":"","format":"standard","meta":{"_acf_changed":false,"footnotes":"","_members_access_role":[],"_members_access_error":""},"categories":[41],"tags":[],"class_list":["post-18121","post","type-post","status-publish","format-standard","has-post-thumbnail","hentry","category-rentree-2026-2027"],"acf":[],"yoast_head":"<!-- This site is optimized with the Yoast SEO plugin v28.4 - https:\/\/yoast.com\/product\/yoast-seo-wordpress\/ -->\n<title>Jour de rentr\u00e9e au coll\u00e8ge Saint Louis - Coll\u00e8ge Saint Louis<\/title>\n<meta name=\"robots\" content=\"index, follow, max-snippet:-1, max-image-preview:large, max-video-preview:-1\" \/>\n<link rel=\"canonical\" href=\"https:\/\/saintlouis-lapaix.com\/college-saint-louis\/jour-de-rentree-au-college-saint-louis\/\" \/>\n<meta property=\"og:locale\" content=\"fr_FR\" \/>\n<meta property=\"og:type\" content=\"article\" \/>\n<meta property=\"og:title\" content=\"Jour de rentr\u00e9e au coll\u00e8ge Saint Louis - Coll\u00e8ge Saint Louis\" \/>\n<meta property=\"og:description\" content=\"\u00a0Ce Mardi 1er Septembre annon\u00e7ait le retour de nos \u00e9l\u00e8ves de 5\u00e8me \/ 4\u00e8me \/ 3\u00e8me mais aussi l&rsquo;arriv\u00e9e de&hellip;\" \/>\n<meta property=\"og:url\" content=\"https:\/\/saintlouis-lapaix.com\/college-saint-louis\/jour-de-rentree-au-college-saint-louis\/\" \/>\n<meta property=\"og:site_name\" content=\"Coll\u00e8ge Saint Louis\" \/>\n<meta property=\"article:published_time\" content=\"2026-09-02T00:57:41+00:00\" \/>\n<meta property=\"article:modified_time\" content=\"2026-09-02T00:58:38+00:00\" \/>\n<meta property=\"og:image\" content=\"https:\/\/saintlouis-lapaix.com\/college-saint-louis\/wp-content\/uploads\/sites\/2\/2026\/09\/1788310051461-scaled.jpg\" \/>\n\t<meta property=\"og:image:width\" content=\"2560\" \/>\n\t<meta property=\"og:image:height\" content=\"1920\" \/>\n\t<meta property=\"og:image:type\" content=\"image\/jpeg\" \/>\n<meta name=\"author\" content=\"domavry\" \/>\n<meta name=\"twitter:card\" content=\"summary_large_image\" \/>\n<meta name=\"twitter:label1\" content=\"\u00c9crit par\" \/>\n\t<meta name=\"twitter:data1\" content=\"domavry\" \/>\n\t<meta name=\"twitter:label2\" content=\"Dur\u00e9e de lecture estim\u00e9e\" \/>\n\t<meta name=\"twitter:data2\" content=\"2 minutes\" \/>\n<script type=\"application\/ld+json\" class=\"yoast-schema-graph\">{\"@context\":\"https:\\\/\\\/schema.org\",\"@graph\":[{\"@type\":\"Article\",\"@id\":\"https:\\\/\\\/saintlouis-lapaix.com\\\/college-saint-louis\\\/jour-de-rentree-au-college-saint-louis\\\/#article\",\"isPartOf\":{\"@id\":\"https:\\\/\\\/saintlouis-lapaix.com\\\/college-saint-louis\\\/jour-de-rentree-au-college-saint-louis\\\/\"},\"author\":{\"name\":\"domavry\",\"@id\":\"https:\\\/\\\/saintlouis-lapaix.com\\\/college-saint-louis\\\/#\\\/schema\\\/person\\\/22c443ce65337ce52181432a0d0b75af\"},\"headline\":\"Jour de rentr\u00e9e au coll\u00e8ge Saint Louis\",\"datePublished\":\"2026-09-02T00:57:41+00:00\",\"dateModified\":\"2026-09-02T00:58:38+00:00\",\"mainEntityOfPage\":{\"@id\":\"https:\\\/\\\/saintlouis-lapaix.com\\\/college-saint-louis\\\/jour-de-rentree-au-college-saint-louis\\\/\"},\"wordCount\":114,\"commentCount\":0,\"image\":{\"@id\":\"https:\\\/\\\/saintlouis-lapaix.com\\\/college-saint-louis\\\/jour-de-rentree-au-college-saint-louis\\\/#primaryimage\"},\"thumbnailUrl\":\"https:\\\/\\\/saintlouis-lapaix.com\\\/college-saint-louis\\\/wp-content\\\/uploads\\\/sites\\\/2\\\/2026\\\/09\\\/1788310051461-scaled.jpg\",\"articleSection\":[\"Rentr\u00e9e 2026-2027\"],\"inLanguage\":\"fr-FR\",\"potentialAction\":[{\"@type\":\"CommentAction\",\"name\":\"Comment\",\"target\":[\"https:\\\/\\\/saintlouis-lapaix.com\\\/college-saint-louis\\\/jour-de-rentree-au-college-saint-louis\\\/#respond\"]}]},{\"@type\":\"WebPage\",\"@id\":\"https:\\\/\\\/saintlouis-lapaix.com\\\/college-saint-louis\\\/jour-de-rentree-au-college-saint-louis\\\/\",\"url\":\"https:\\\/\\\/saintlouis-lapaix.com\\\/college-saint-louis\\\/jour-de-rentree-au-college-saint-louis\\\/\",\"name\":\"Jour de rentr\u00e9e au coll\u00e8ge Saint Louis - Coll\u00e8ge Saint Louis\",\"isPartOf\":{\"@id\":\"https:\\\/\\\/saintlouis-lapaix.com\\\/college-saint-louis\\\/#website\"},\"primaryImageOfPage\":{\"@id\":\"https:\\\/\\\/saintlouis-lapaix.com\\\/college-saint-louis\\\/jour-de-rentree-au-college-saint-louis\\\/#primaryimage\"},\"image\":{\"@id\":\"https:\\\/\\\/saintlouis-lapaix.com\\\/college-saint-louis\\\/jour-de-rentree-au-college-saint-louis\\\/#primaryimage\"},\"thumbnailUrl\":\"https:\\\/\\\/saintlouis-lapaix.com\\\/college-saint-louis\\\/wp-content\\\/uploads\\\/sites\\\/2\\\/2026\\\/09\\\/1788310051461-scaled.jpg\",\"datePublished\":\"2026-09-02T00:57:41+00:00\",\"dateModified\":\"2026-09-02T00:58:38+00:00\",\"author\":{\"@id\":\"https:\\\/\\\/saintlouis-lapaix.com\\\/college-saint-louis\\\/#\\\/schema\\\/person\\\/22c443ce65337ce52181432a0d0b75af\"},\"breadcrumb\":{\"@id\":\"https:\\\/\\\/saintlouis-lapaix.com\\\/college-saint-louis\\\/jour-de-rentree-au-college-saint-louis\\\/#breadcrumb\"},\"inLanguage\":\"fr-FR\",\"potentialAction\":[{\"@type\":\"ReadAction\",\"target\":[\"https:\\\/\\\/saintlouis-lapaix.com\\\/college-saint-louis\\\/jour-de-rentree-au-college-saint-louis\\\/\"]}]},{\"@type\":\"ImageObject\",\"inLanguage\":\"fr-FR\",\"@id\":\"https:\\\/\\\/saintlouis-lapaix.com\\\/college-saint-louis\\\/jour-de-rentree-au-college-saint-louis\\\/#primaryimage\",\"url\":\"https:\\\/\\\/saintlouis-lapaix.com\\\/college-saint-louis\\\/wp-content\\\/uploads\\\/sites\\\/2\\\/2026\\\/09\\\/1788310051461-scaled.jpg\",\"contentUrl\":\"https:\\\/\\\/saintlouis-lapaix.com\\\/college-saint-louis\\\/wp-content\\\/uploads\\\/sites\\\/2\\\/2026\\\/09\\\/1788310051461-scaled.jpg\",\"width\":2560,\"height\":1920},{\"@type\":\"BreadcrumbList\",\"@id\":\"https:\\\/\\\/saintlouis-lapaix.com\\\/college-saint-louis\\\/jour-de-rentree-au-college-saint-louis\\\/#breadcrumb\",\"itemListElement\":[{\"@type\":\"ListItem\",\"position\":1,\"name\":\"Accueil\",\"item\":\"https:\\\/\\\/saintlouis-lapaix.com\\\/college-saint-louis\\\/\"},{\"@type\":\"ListItem\",\"position\":2,\"name\":\"Jour de rentr\u00e9e au coll\u00e8ge Saint Louis\"}]},{\"@type\":\"WebSite\",\"@id\":\"https:\\\/\\\/saintlouis-lapaix.com\\\/college-saint-louis\\\/#website\",\"url\":\"https:\\\/\\\/saintlouis-lapaix.com\\\/college-saint-louis\\\/\",\"name\":\"Coll\u00e8ge Saint Louis\",\"description\":\"\",\"potentialAction\":[{\"@type\":\"SearchAction\",\"target\":{\"@type\":\"EntryPoint\",\"urlTemplate\":\"https:\\\/\\\/saintlouis-lapaix.com\\\/college-saint-louis\\\/?s={search_term_string}\"},\"query-input\":{\"@type\":\"PropertyValueSpecification\",\"valueRequired\":true,\"valueName\":\"search_term_string\"}}],\"inLanguage\":\"fr-FR\"},{\"@type\":\"Person\",\"@id\":\"https:\\\/\\\/saintlouis-lapaix.com\\\/college-saint-louis\\\/#\\\/schema\\\/person\\\/22c443ce65337ce52181432a0d0b75af\",\"name\":\"domavry\",\"image\":{\"@type\":\"ImageObject\",\"inLanguage\":\"fr-FR\",\"@id\":\"https:\\\/\\\/secure.gravatar.com\\\/avatar\\\/e969431ad2a54bc7e4467e8d136dd061564b2de8d59fd8f212e4c7aabfe3af3e?s=96&d=mm&r=g\",\"url\":\"https:\\\/\\\/secure.gravatar.com\\\/avatar\\\/e969431ad2a54bc7e4467e8d136dd061564b2de8d59fd8f212e4c7aabfe3af3e?s=96&d=mm&r=g\",\"contentUrl\":\"https:\\\/\\\/secure.gravatar.com\\\/avatar\\\/e969431ad2a54bc7e4467e8d136dd061564b2de8d59fd8f212e4c7aabfe3af3e?s=96&d=mm&r=g\",\"caption\":\"domavry\"},\"url\":\"https:\\\/\\\/saintlouis-lapaix.com\\\/college-saint-louis\\\/author\\\/domavry\\\/\"}]}<\/script>\n<!-- \/ Yoast SEO plugin. -->","yoast_head_json":{"title":"Jour de rentr\u00e9e au coll\u00e8ge Saint Louis - Coll\u00e8ge Saint Louis","robots":{"index":"index","follow":"follow","max-snippet":"max-snippet:-1","max-image-preview":"max-image-preview:large","max-video-preview":"max-video-preview:-1"},"canonical":"https:\/\/saintlouis-lapaix.com\/college-saint-louis\/jour-de-rentree-au-college-saint-louis\/","og_locale":"fr_FR","og_type":"article","og_title":"Jour de rentr\u00e9e au coll\u00e8ge Saint Louis - Coll\u00e8ge Saint Louis","og_description":"\u00a0Ce Mardi 1er Septembre annon\u00e7ait le retour de nos \u00e9l\u00e8ves de 5\u00e8me \/ 4\u00e8me \/ 3\u00e8me mais aussi l&rsquo;arriv\u00e9e de&hellip;","og_url":"https:\/\/saintlouis-lapaix.com\/college-saint-louis\/jour-de-rentree-au-college-saint-louis\/","og_site_name":"Coll\u00e8ge Saint Louis","article_published_time":"2026-09-02T00:57:41+00:00","article_modified_time":"2026-09-02T00:58:38+00:00","og_image":[{"width":2560,"height":1920,"url":"https:\/\/saintlouis-lapaix.com\/college-saint-louis\/wp-content\/uploads\/sites\/2\/2026\/09\/1788310051461-scaled.jpg","type":"image\/jpeg"}],"author":"domavry","twitter_card":"summary_large_image","twitter_misc":{"\u00c9crit par":"domavry","Dur\u00e9e de lecture estim\u00e9e":"2 minutes"},"schema":{"@context":"https:\/\/schema.org","@graph":[{"@type":"Article","@id":"https:\/\/saintlouis-lapaix.com\/college-saint-louis\/jour-de-rentree-au-college-saint-louis\/#article","isPartOf":{"@id":"https:\/\/saintlouis-lapaix.com\/college-saint-louis\/jour-de-rentree-au-college-saint-louis\/"},"author":{"name":"domavry","@id":"https:\/\/saintlouis-lapaix.com\/college-saint-louis\/#\/schema\/person\/22c443ce65337ce52181432a0d0b75af"},"headline":"Jour de rentr\u00e9e au coll\u00e8ge Saint Louis","datePublished":"2026-09-02T00:57:41+00:00","dateModified":"2026-09-02T00:58:38+00:00","mainEntityOfPage":{"@id":"https:\/\/saintlouis-lapaix.com\/college-saint-louis\/jour-de-rentree-au-college-saint-louis\/"},"wordCount":114,"commentCount":0,"image":{"@id":"https:\/\/saintlouis-lapaix.com\/college-saint-louis\/jour-de-rentree-au-college-saint-louis\/#primaryimage"},"thumbnailUrl":"https:\/\/saintlouis-lapaix.com\/college-saint-louis\/wp-content\/uploads\/sites\/2\/2026\/09\/1788310051461-scaled.jpg","articleSection":["Rentr\u00e9e 2026-2027"],"inLanguage":"fr-FR","potentialAction":[{"@type":"CommentAction","name":"Comment","target":["https:\/\/saintlouis-lapaix.com\/college-saint-louis\/jour-de-rentree-au-college-saint-louis\/#respond"]}]},{"@type":"WebPage","@id":"https:\/\/saintlouis-lapaix.com\/college-saint-louis\/jour-de-rentree-au-college-saint-louis\/","url":"https:\/\/saintlouis-lapaix.com\/college-saint-louis\/jour-de-rentree-au-college-saint-louis\/","name":"Jour de rentr\u00e9e au coll\u00e8ge Saint Louis - Coll\u00e8ge Saint Louis","isPartOf":{"@id":"https:\/\/saintlouis-lapaix.com\/college-saint-louis\/#website"},"primaryImageOfPage":{"@id":"https:\/\/saintlouis-lapaix.com\/college-saint-louis\/jour-de-rentree-au-college-saint-louis\/#primaryimage"},"image":{"@id":"https:\/\/saintlouis-lapaix.com\/college-saint-louis\/jour-de-rentree-au-college-saint-louis\/#primaryimage"},"thumbnailUrl":"https:\/\/saintlouis-lapaix.com\/college-saint-louis\/wp-content\/uploads\/sites\/2\/2026\/09\/1788310051461-scaled.jpg","datePublished":"2026-09-02T00:57:41+00:00","dateModified":"2026-09-02T00:58:38+00:00","author":{"@id":"https:\/\/saintlouis-lapaix.com\/college-saint-louis\/#\/schema\/person\/22c443ce65337ce52181432a0d0b75af"},"breadcrumb":{"@id":"https:\/\/saintlouis-lapaix.com\/college-saint-louis\/jour-de-rentree-au-college-saint-louis\/#breadcrumb"},"inLanguage":"fr-FR","potentialAction":[{"@type":"ReadAction","target":["https:\/\/saintlouis-lapaix.com\/college-saint-louis\/jour-de-rentree-au-college-saint-louis\/"]}]},{"@type":"ImageObject","inLanguage":"fr-FR","@id":"https:\/\/saintlouis-lapaix.com\/college-saint-louis\/jour-de-rentree-au-college-saint-louis\/#primaryimage","url":"https:\/\/saintlouis-lapaix.com\/college-saint-louis\/wp-content\/uploads\/sites\/2\/2026\/09\/1788310051461-scaled.jpg","contentUrl":"https:\/\/saintlouis-lapaix.com\/college-saint-louis\/wp-content\/uploads\/sites\/2\/2026\/09\/1788310051461-scaled.jpg","width":2560,"height":1920},{"@type":"BreadcrumbList","@id":"https:\/\/saintlouis-lapaix.com\/college-saint-louis\/jour-de-rentree-au-college-saint-louis\/#breadcrumb","itemListElement":[{"@type":"ListItem","position":1,"name":"Accueil","item":"https:\/\/saintlouis-lapaix.com\/college-saint-louis\/"},{"@type":"ListItem","position":2,"name":"Jour de rentr\u00e9e au coll\u00e8ge Saint Louis"}]},{"@type":"WebSite","@id":"https:\/\/saintlouis-lapaix.com\/college-saint-louis\/#website","url":"https:\/\/saintlouis-lapaix.com\/college-saint-louis\/","name":"Coll\u00e8ge Saint Louis","description":"","potentialAction":[{"@type":"SearchAction","target":{"@type":"EntryPoint","urlTemplate":"https:\/\/saintlouis-lapaix.com\/college-saint-louis\/?s={search_term_string}"},"query-input":{"@type":"PropertyValueSpecification","valueRequired":true,"valueName":"search_term_string"}}],"inLanguage":"fr-FR"},{"@type":"Person","@id":"https:\/\/saintlouis-lapaix.com\/college-saint-louis\/#\/schema\/person\/22c443ce65337ce52181432a0d0b75af","name":"domavry","image":{"@type":"ImageObject","inLanguage":"fr-FR","@id":"https:\/\/secure.gravatar.com\/avatar\/e969431ad2a54bc7e4467e8d136dd061564b2de8d59fd8f212e4c7aabfe3af3e?s=96&d=mm&r=g","url":"https:\/\/secure.gravatar.com\/avatar\/e969431ad2a54bc7e4467e8d136dd061564b2de8d59fd8f212e4c7aabfe3af3e?s=96&d=mm&r=g","contentUrl":"https:\/\/secure.gravatar.com\/avatar\/e969431ad2a54bc7e4467e8d136dd061564b2de8d59fd8f212e4c7aabfe3af3e?s=96&d=mm&r=g","caption":"domavry"},"url":"https:\/\/saintlouis-lapaix.com\/college-saint-louis\/author\/domavry\/"}]}},"_links":{"self":[{"href":"https:\/\/saintlouis-lapaix.com\/college-saint-louis\/wp-json\/wp\/v2\/posts\/18121","targetHints":{"allow":["GET"]}}],"collection":[{"href":"https:\/\/saintlouis-lapaix.com\/college-saint-louis\/wp-json\/wp\/v2\/posts"}],"about":[{"href":"https:\/\/saintlouis-lapaix.com\/college-saint-louis\/wp-json\/wp\/v2\/types\/post"}],"author":[{"embeddable":true,"href":"https:\/\/saintlouis-lapaix.com\/college-saint-louis\/wp-json\/wp\/v2\/users\/4"}],"replies":[{"embeddable":true,"href":"https:\/\/saintlouis-lapaix.com\/college-saint-louis\/wp-json\/wp\/v2\/comments?post=18121"}],"version-history":[{"count":2,"href":"https:\/\/saintlouis-lapaix.com\/college-saint-louis\/wp-json\/wp\/v2\/posts\/18121\/revisions"}],"predecessor-version":[{"id":18123,"href":"https:\/\/saintlouis-lapaix.com\/college-saint-louis\/wp-json\/wp\/v2\/posts\/18121\/revisions\/18123"}],"wp:featuredmedia":[{"embeddable":true,"href":"https:\/\/saintlouis-lapaix.com\/college-saint-louis\/wp-json\/wp\/v2\/media\/18120"}],"wp:attachment":[{"href":"https:\/\/saintlouis-lapaix.com\/college-saint-louis\/wp-json\/wp\/v2\/media?parent=18121"}],"wp:term":[{"taxonomy":"category","embeddable":true,"href":"https:\/\/saintlouis-lapaix.com\/college-saint-louis\/wp-json\/wp\/v2\/categories?post=18121"},{"taxonomy":"post_tag","embeddable":true,"href":"https:\/\/saintlouis-lapaix.com\/college-saint-louis\/wp-json\/wp\/v2\/tags?post=18121"}],"curies":[{"name":"wp","href":"https:\/\/api.w.org\/{rel}","templated":true}]}}