{"id":15741,"date":"2025-03-27T12:27:16","date_gmt":"2025-03-27T11:27:16","guid":{"rendered":"https:\/\/saintlouis-lapaix.com\/college-saint-louis\/?p=15741"},"modified":"2025-12-12T04:25:46","modified_gmt":"2025-12-12T03:25:46","slug":"sejour-grenade-2025-jours-1-et-2","status":"publish","type":"post","link":"https:\/\/saintlouis-lapaix.com\/college-saint-louis\/sejour-grenade-2025-jours-1-et-2\/","title":{"rendered":"S\u00e9jour Grenade 2025  Jours 1 et 2"},"content":{"rendered":"<p>Apr\u00e8s un d\u00e9part de Lorient le mardi 25 \u00e0 5H15, de bonne heure et de bonne humeur, un vol Nantes &#8211; Madrid et un 2<sup>\u00e8me<\/sup> vol Madrid &#8211; Grenade, nos 18 \u00e9l\u00e8ves de 4<sup>\u00e8me<\/sup> LLCE Espagnol ont enfin fait la connaissance de leurs correspondants de l\u2019EIS Ayala.<\/p>\n<p>Au programme de la 2<sup>\u00e8me<\/sup> journ\u00e9e :<\/p>\n<ul>\n<li>Un petit d\u00e9jeuner d\u2019accueil \u00e0 la caf\u00e9t\u00e9ria<span class=\"Apple-converted-space\">\u00a0<\/span><\/li>\n<li>Un spectacle de musique, po\u00e8mes et chants,<span class=\"Apple-converted-space\">\u00a0<\/span><\/li>\n<li>Un langage universel : le sport<\/li>\n<li>La visite guid\u00e9e du c\u0153ur historique de Grenade avec les correspondants.<\/li>\n<\/ul>\n<p>Une journ\u00e9e\u00a0intense et un repos bien m\u00e9rit\u00e9 pour tous ce soir !<\/p>\n<p><img decoding=\"async\" class=\"alignnone size-medium wp-image-15743\" src=\"https:\/\/saintlouis-lapaix.com\/college-saint-louis\/wp-content\/uploads\/sites\/2\/2025\/03\/IMG_0945-300x225.jpeg\" alt=\"\" width=\"300\" height=\"225\" srcset=\"https:\/\/saintlouis-lapaix.com\/college-saint-louis\/wp-content\/uploads\/sites\/2\/2025\/03\/IMG_0945-300x225.jpeg 300w, https:\/\/saintlouis-lapaix.com\/college-saint-louis\/wp-content\/uploads\/sites\/2\/2025\/03\/IMG_0945-1024x768.jpeg 1024w, https:\/\/saintlouis-lapaix.com\/college-saint-louis\/wp-content\/uploads\/sites\/2\/2025\/03\/IMG_0945-768x576.jpeg 768w, https:\/\/saintlouis-lapaix.com\/college-saint-louis\/wp-content\/uploads\/sites\/2\/2025\/03\/IMG_0945-1536x1152.jpeg 1536w, https:\/\/saintlouis-lapaix.com\/college-saint-louis\/wp-content\/uploads\/sites\/2\/2025\/03\/IMG_0945-2048x1536.jpeg 2048w, https:\/\/saintlouis-lapaix.com\/college-saint-louis\/wp-content\/uploads\/sites\/2\/2025\/03\/IMG_0945-1200x900.jpeg 1200w\" sizes=\"(max-width: 300px) 100vw, 300px\" \/><img decoding=\"async\" class=\"alignnone size-medium wp-image-15744\" src=\"https:\/\/saintlouis-lapaix.com\/college-saint-louis\/wp-content\/uploads\/sites\/2\/2025\/03\/IMG_0955-300x225.jpeg\" alt=\"\" width=\"300\" height=\"225\" srcset=\"https:\/\/saintlouis-lapaix.com\/college-saint-louis\/wp-content\/uploads\/sites\/2\/2025\/03\/IMG_0955-300x225.jpeg 300w, https:\/\/saintlouis-lapaix.com\/college-saint-louis\/wp-content\/uploads\/sites\/2\/2025\/03\/IMG_0955-1024x768.jpeg 1024w, https:\/\/saintlouis-lapaix.com\/college-saint-louis\/wp-content\/uploads\/sites\/2\/2025\/03\/IMG_0955-768x576.jpeg 768w, https:\/\/saintlouis-lapaix.com\/college-saint-louis\/wp-content\/uploads\/sites\/2\/2025\/03\/IMG_0955-1536x1152.jpeg 1536w, https:\/\/saintlouis-lapaix.com\/college-saint-louis\/wp-content\/uploads\/sites\/2\/2025\/03\/IMG_0955-2048x1536.jpeg 2048w, https:\/\/saintlouis-lapaix.com\/college-saint-louis\/wp-content\/uploads\/sites\/2\/2025\/03\/IMG_0955-1200x900.jpeg 1200w\" sizes=\"(max-width: 300px) 100vw, 300px\" \/><img decoding=\"async\" class=\"alignnone size-medium wp-image-15745\" src=\"https:\/\/saintlouis-lapaix.com\/college-saint-louis\/wp-content\/uploads\/sites\/2\/2025\/03\/IMG_0951-300x253.jpeg\" alt=\"\" width=\"300\" height=\"253\" srcset=\"https:\/\/saintlouis-lapaix.com\/college-saint-louis\/wp-content\/uploads\/sites\/2\/2025\/03\/IMG_0951-300x253.jpeg 300w, https:\/\/saintlouis-lapaix.com\/college-saint-louis\/wp-content\/uploads\/sites\/2\/2025\/03\/IMG_0951-1024x865.jpeg 1024w, https:\/\/saintlouis-lapaix.com\/college-saint-louis\/wp-content\/uploads\/sites\/2\/2025\/03\/IMG_0951-768x649.jpeg 768w, https:\/\/saintlouis-lapaix.com\/college-saint-louis\/wp-content\/uploads\/sites\/2\/2025\/03\/IMG_0951-1536x1297.jpeg 1536w, https:\/\/saintlouis-lapaix.com\/college-saint-louis\/wp-content\/uploads\/sites\/2\/2025\/03\/IMG_0951-2048x1730.jpeg 2048w, https:\/\/saintlouis-lapaix.com\/college-saint-louis\/wp-content\/uploads\/sites\/2\/2025\/03\/IMG_0951-1200x1014.jpeg 1200w\" sizes=\"(max-width: 300px) 100vw, 300px\" \/><img decoding=\"async\" class=\"alignnone size-medium wp-image-15746\" src=\"https:\/\/saintlouis-lapaix.com\/college-saint-louis\/wp-content\/uploads\/sites\/2\/2025\/03\/IMG_0965-300x225.jpeg\" alt=\"\" width=\"300\" height=\"225\" srcset=\"https:\/\/saintlouis-lapaix.com\/college-saint-louis\/wp-content\/uploads\/sites\/2\/2025\/03\/IMG_0965-300x225.jpeg 300w, https:\/\/saintlouis-lapaix.com\/college-saint-louis\/wp-content\/uploads\/sites\/2\/2025\/03\/IMG_0965-1024x768.jpeg 1024w, https:\/\/saintlouis-lapaix.com\/college-saint-louis\/wp-content\/uploads\/sites\/2\/2025\/03\/IMG_0965-768x576.jpeg 768w, https:\/\/saintlouis-lapaix.com\/college-saint-louis\/wp-content\/uploads\/sites\/2\/2025\/03\/IMG_0965-1536x1152.jpeg 1536w, https:\/\/saintlouis-lapaix.com\/college-saint-louis\/wp-content\/uploads\/sites\/2\/2025\/03\/IMG_0965-2048x1536.jpeg 2048w, https:\/\/saintlouis-lapaix.com\/college-saint-louis\/wp-content\/uploads\/sites\/2\/2025\/03\/IMG_0965-1200x900.jpeg 1200w\" sizes=\"(max-width: 300px) 100vw, 300px\" \/><img decoding=\"async\" class=\"alignnone size-medium wp-image-15747\" src=\"https:\/\/saintlouis-lapaix.com\/college-saint-louis\/wp-content\/uploads\/sites\/2\/2025\/03\/IMG_0964-300x225.jpeg\" alt=\"\" width=\"300\" height=\"225\" srcset=\"https:\/\/saintlouis-lapaix.com\/college-saint-louis\/wp-content\/uploads\/sites\/2\/2025\/03\/IMG_0964-300x225.jpeg 300w, https:\/\/saintlouis-lapaix.com\/college-saint-louis\/wp-content\/uploads\/sites\/2\/2025\/03\/IMG_0964-1024x768.jpeg 1024w, https:\/\/saintlouis-lapaix.com\/college-saint-louis\/wp-content\/uploads\/sites\/2\/2025\/03\/IMG_0964-768x576.jpeg 768w, https:\/\/saintlouis-lapaix.com\/college-saint-louis\/wp-content\/uploads\/sites\/2\/2025\/03\/IMG_0964-1536x1152.jpeg 1536w, https:\/\/saintlouis-lapaix.com\/college-saint-louis\/wp-content\/uploads\/sites\/2\/2025\/03\/IMG_0964-2048x1536.jpeg 2048w, https:\/\/saintlouis-lapaix.com\/college-saint-louis\/wp-content\/uploads\/sites\/2\/2025\/03\/IMG_0964-1200x900.jpeg 1200w\" sizes=\"(max-width: 300px) 100vw, 300px\" \/><img decoding=\"async\" class=\"alignnone size-medium wp-image-15748\" src=\"https:\/\/saintlouis-lapaix.com\/college-saint-louis\/wp-content\/uploads\/sites\/2\/2025\/03\/IMG_0981-300x225.jpeg\" alt=\"\" width=\"300\" height=\"225\" srcset=\"https:\/\/saintlouis-lapaix.com\/college-saint-louis\/wp-content\/uploads\/sites\/2\/2025\/03\/IMG_0981-300x225.jpeg 300w, https:\/\/saintlouis-lapaix.com\/college-saint-louis\/wp-content\/uploads\/sites\/2\/2025\/03\/IMG_0981-1024x768.jpeg 1024w, https:\/\/saintlouis-lapaix.com\/college-saint-louis\/wp-content\/uploads\/sites\/2\/2025\/03\/IMG_0981-768x576.jpeg 768w, https:\/\/saintlouis-lapaix.com\/college-saint-louis\/wp-content\/uploads\/sites\/2\/2025\/03\/IMG_0981-1536x1152.jpeg 1536w, https:\/\/saintlouis-lapaix.com\/college-saint-louis\/wp-content\/uploads\/sites\/2\/2025\/03\/IMG_0981-2048x1536.jpeg 2048w, https:\/\/saintlouis-lapaix.com\/college-saint-louis\/wp-content\/uploads\/sites\/2\/2025\/03\/IMG_0981-1200x900.jpeg 1200w\" sizes=\"(max-width: 300px) 100vw, 300px\" \/><img decoding=\"async\" class=\"alignnone size-medium wp-image-15749\" src=\"https:\/\/saintlouis-lapaix.com\/college-saint-louis\/wp-content\/uploads\/sites\/2\/2025\/03\/b9eccb02-d8aa-4135-889e-2b2bc1bad423-300x225.jpeg\" alt=\"\" width=\"300\" height=\"225\" srcset=\"https:\/\/saintlouis-lapaix.com\/college-saint-louis\/wp-content\/uploads\/sites\/2\/2025\/03\/b9eccb02-d8aa-4135-889e-2b2bc1bad423-300x225.jpeg 300w, https:\/\/saintlouis-lapaix.com\/college-saint-louis\/wp-content\/uploads\/sites\/2\/2025\/03\/b9eccb02-d8aa-4135-889e-2b2bc1bad423-1024x768.jpeg 1024w, https:\/\/saintlouis-lapaix.com\/college-saint-louis\/wp-content\/uploads\/sites\/2\/2025\/03\/b9eccb02-d8aa-4135-889e-2b2bc1bad423-768x576.jpeg 768w, https:\/\/saintlouis-lapaix.com\/college-saint-louis\/wp-content\/uploads\/sites\/2\/2025\/03\/b9eccb02-d8aa-4135-889e-2b2bc1bad423-1536x1152.jpeg 1536w, https:\/\/saintlouis-lapaix.com\/college-saint-louis\/wp-content\/uploads\/sites\/2\/2025\/03\/b9eccb02-d8aa-4135-889e-2b2bc1bad423-1200x900.jpeg 1200w, https:\/\/saintlouis-lapaix.com\/college-saint-louis\/wp-content\/uploads\/sites\/2\/2025\/03\/b9eccb02-d8aa-4135-889e-2b2bc1bad423.jpeg 2000w\" sizes=\"(max-width: 300px) 100vw, 300px\" \/><img decoding=\"async\" class=\"alignnone size-medium wp-image-15750\" src=\"https:\/\/saintlouis-lapaix.com\/college-saint-louis\/wp-content\/uploads\/sites\/2\/2025\/03\/IMG_0973-300x225.jpeg\" alt=\"\" width=\"300\" height=\"225\" srcset=\"https:\/\/saintlouis-lapaix.com\/college-saint-louis\/wp-content\/uploads\/sites\/2\/2025\/03\/IMG_0973-300x225.jpeg 300w, https:\/\/saintlouis-lapaix.com\/college-saint-louis\/wp-content\/uploads\/sites\/2\/2025\/03\/IMG_0973-1024x768.jpeg 1024w, https:\/\/saintlouis-lapaix.com\/college-saint-louis\/wp-content\/uploads\/sites\/2\/2025\/03\/IMG_0973-768x576.jpeg 768w, https:\/\/saintlouis-lapaix.com\/college-saint-louis\/wp-content\/uploads\/sites\/2\/2025\/03\/IMG_0973-1536x1152.jpeg 1536w, https:\/\/saintlouis-lapaix.com\/college-saint-louis\/wp-content\/uploads\/sites\/2\/2025\/03\/IMG_0973-2048x1536.jpeg 2048w, https:\/\/saintlouis-lapaix.com\/college-saint-louis\/wp-content\/uploads\/sites\/2\/2025\/03\/IMG_0973-1200x900.jpeg 1200w\" sizes=\"(max-width: 300px) 100vw, 300px\" \/><img decoding=\"async\" class=\"alignnone size-medium wp-image-15751\" src=\"https:\/\/saintlouis-lapaix.com\/college-saint-louis\/wp-content\/uploads\/sites\/2\/2025\/03\/IMG_0977-300x225.jpeg\" alt=\"\" width=\"300\" height=\"225\" srcset=\"https:\/\/saintlouis-lapaix.com\/college-saint-louis\/wp-content\/uploads\/sites\/2\/2025\/03\/IMG_0977-300x225.jpeg 300w, https:\/\/saintlouis-lapaix.com\/college-saint-louis\/wp-content\/uploads\/sites\/2\/2025\/03\/IMG_0977-1024x768.jpeg 1024w, https:\/\/saintlouis-lapaix.com\/college-saint-louis\/wp-content\/uploads\/sites\/2\/2025\/03\/IMG_0977-768x576.jpeg 768w, https:\/\/saintlouis-lapaix.com\/college-saint-louis\/wp-content\/uploads\/sites\/2\/2025\/03\/IMG_0977-1536x1152.jpeg 1536w, https:\/\/saintlouis-lapaix.com\/college-saint-louis\/wp-content\/uploads\/sites\/2\/2025\/03\/IMG_0977-2048x1536.jpeg 2048w, https:\/\/saintlouis-lapaix.com\/college-saint-louis\/wp-content\/uploads\/sites\/2\/2025\/03\/IMG_0977-1200x900.jpeg 1200w\" sizes=\"(max-width: 300px) 100vw, 300px\" \/><img decoding=\"async\" class=\"alignnone size-medium wp-image-15753\" src=\"https:\/\/saintlouis-lapaix.com\/college-saint-louis\/wp-content\/uploads\/sites\/2\/2025\/03\/75aaaa5b-ffb0-406b-87e8-f2d30e6c535d-300x228.jpeg\" alt=\"\" width=\"300\" height=\"228\" srcset=\"https:\/\/saintlouis-lapaix.com\/college-saint-louis\/wp-content\/uploads\/sites\/2\/2025\/03\/75aaaa5b-ffb0-406b-87e8-f2d30e6c535d-300x228.jpeg 300w, https:\/\/saintlouis-lapaix.com\/college-saint-louis\/wp-content\/uploads\/sites\/2\/2025\/03\/75aaaa5b-ffb0-406b-87e8-f2d30e6c535d-1024x779.jpeg 1024w, https:\/\/saintlouis-lapaix.com\/college-saint-louis\/wp-content\/uploads\/sites\/2\/2025\/03\/75aaaa5b-ffb0-406b-87e8-f2d30e6c535d-768x584.jpeg 768w, https:\/\/saintlouis-lapaix.com\/college-saint-louis\/wp-content\/uploads\/sites\/2\/2025\/03\/75aaaa5b-ffb0-406b-87e8-f2d30e6c535d-1200x913.jpeg 1200w, https:\/\/saintlouis-lapaix.com\/college-saint-louis\/wp-content\/uploads\/sites\/2\/2025\/03\/75aaaa5b-ffb0-406b-87e8-f2d30e6c535d.jpeg 1510w\" sizes=\"(max-width: 300px) 100vw, 300px\" \/> <img decoding=\"async\" class=\"alignnone size-medium wp-image-15754\" src=\"https:\/\/saintlouis-lapaix.com\/college-saint-louis\/wp-content\/uploads\/sites\/2\/2025\/03\/IMG_1018-225x300.jpeg\" alt=\"\" width=\"225\" height=\"300\" srcset=\"https:\/\/saintlouis-lapaix.com\/college-saint-louis\/wp-content\/uploads\/sites\/2\/2025\/03\/IMG_1018-225x300.jpeg 225w, https:\/\/saintlouis-lapaix.com\/college-saint-louis\/wp-content\/uploads\/sites\/2\/2025\/03\/IMG_1018-768x1024.jpeg 768w, https:\/\/saintlouis-lapaix.com\/college-saint-louis\/wp-content\/uploads\/sites\/2\/2025\/03\/IMG_1018-1152x1536.jpeg 1152w, https:\/\/saintlouis-lapaix.com\/college-saint-louis\/wp-content\/uploads\/sites\/2\/2025\/03\/IMG_1018-1536x2048.jpeg 1536w, https:\/\/saintlouis-lapaix.com\/college-saint-louis\/wp-content\/uploads\/sites\/2\/2025\/03\/IMG_1018-1200x1600.jpeg 1200w, https:\/\/saintlouis-lapaix.com\/college-saint-louis\/wp-content\/uploads\/sites\/2\/2025\/03\/IMG_1018-scaled.jpeg 1920w\" sizes=\"(max-width: 225px) 100vw, 225px\" \/> <img decoding=\"async\" class=\"alignnone size-medium wp-image-15755\" src=\"https:\/\/saintlouis-lapaix.com\/college-saint-louis\/wp-content\/uploads\/sites\/2\/2025\/03\/IMG_0997-300x225.jpeg\" alt=\"\" width=\"300\" height=\"225\" srcset=\"https:\/\/saintlouis-lapaix.com\/college-saint-louis\/wp-content\/uploads\/sites\/2\/2025\/03\/IMG_0997-300x225.jpeg 300w, https:\/\/saintlouis-lapaix.com\/college-saint-louis\/wp-content\/uploads\/sites\/2\/2025\/03\/IMG_0997-1024x768.jpeg 1024w, https:\/\/saintlouis-lapaix.com\/college-saint-louis\/wp-content\/uploads\/sites\/2\/2025\/03\/IMG_0997-768x576.jpeg 768w, https:\/\/saintlouis-lapaix.com\/college-saint-louis\/wp-content\/uploads\/sites\/2\/2025\/03\/IMG_0997-1536x1152.jpeg 1536w, https:\/\/saintlouis-lapaix.com\/college-saint-louis\/wp-content\/uploads\/sites\/2\/2025\/03\/IMG_0997-2048x1536.jpeg 2048w, https:\/\/saintlouis-lapaix.com\/college-saint-louis\/wp-content\/uploads\/sites\/2\/2025\/03\/IMG_0997-1200x900.jpeg 1200w\" sizes=\"(max-width: 300px) 100vw, 300px\" \/><\/p>\n","protected":false},"excerpt":{"rendered":"<p>Apr\u00e8s un d\u00e9part de Lorient le mardi 25 \u00e0 5H15, de bonne heure et de bonne humeur, un vol Nantes&hellip;<\/p>\n","protected":false},"author":4,"featured_media":15742,"comment_status":"closed","ping_status":"closed","sticky":false,"template":"","format":"standard","meta":{"_acf_changed":false,"footnotes":"","_members_access_role":[],"_members_access_error":""},"categories":[9],"tags":[],"class_list":["post-15741","post","type-post","status-publish","format-standard","has-post-thumbnail","hentry","category-internationnal"],"acf":[],"yoast_head":"<!-- This site is optimized with the Yoast SEO plugin v28.4 - https:\/\/yoast.com\/product\/yoast-seo-wordpress\/ -->\n<title>S\u00e9jour Grenade 2025 Jours 1 et 2 - Coll\u00e8ge Saint Louis<\/title>\n<meta name=\"robots\" content=\"index, follow, max-snippet:-1, max-image-preview:large, max-video-preview:-1\" \/>\n<link rel=\"canonical\" href=\"https:\/\/saintlouis-lapaix.com\/college-saint-louis\/sejour-grenade-2025-jours-1-et-2\/\" \/>\n<meta property=\"og:locale\" content=\"fr_FR\" \/>\n<meta property=\"og:type\" content=\"article\" \/>\n<meta property=\"og:title\" content=\"S\u00e9jour Grenade 2025 Jours 1 et 2 - Coll\u00e8ge Saint Louis\" \/>\n<meta property=\"og:description\" content=\"Apr\u00e8s un d\u00e9part de Lorient le mardi 25 \u00e0 5H15, de bonne heure et de bonne humeur, un vol Nantes&hellip;\" \/>\n<meta property=\"og:url\" content=\"https:\/\/saintlouis-lapaix.com\/college-saint-louis\/sejour-grenade-2025-jours-1-et-2\/\" \/>\n<meta property=\"og:site_name\" content=\"Coll\u00e8ge Saint Louis\" \/>\n<meta property=\"article:published_time\" content=\"2025-03-27T11:27:16+00:00\" \/>\n<meta property=\"article:modified_time\" content=\"2025-12-12T03:25:46+00:00\" \/>\n<meta property=\"og:image\" content=\"https:\/\/saintlouis-lapaix.com\/college-saint-louis\/wp-content\/uploads\/sites\/2\/2025\/03\/IMG_0987-scaled.jpeg\" \/>\n\t<meta property=\"og:image:width\" content=\"1920\" \/>\n\t<meta property=\"og:image:height\" content=\"2560\" \/>\n\t<meta property=\"og:image:type\" content=\"image\/jpeg\" \/>\n<meta name=\"author\" content=\"domavry\" \/>\n<meta name=\"twitter:card\" content=\"summary_large_image\" \/>\n<meta name=\"twitter:label1\" content=\"\u00c9crit par\" \/>\n\t<meta name=\"twitter:data1\" content=\"domavry\" \/>\n\t<meta name=\"twitter:label2\" content=\"Dur\u00e9e de lecture estim\u00e9e\" \/>\n\t<meta name=\"twitter:data2\" content=\"4 minutes\" \/>\n<script type=\"application\/ld+json\" class=\"yoast-schema-graph\">{\"@context\":\"https:\\\/\\\/schema.org\",\"@graph\":[{\"@type\":\"Article\",\"@id\":\"https:\\\/\\\/saintlouis-lapaix.com\\\/college-saint-louis\\\/sejour-grenade-2025-jours-1-et-2\\\/#article\",\"isPartOf\":{\"@id\":\"https:\\\/\\\/saintlouis-lapaix.com\\\/college-saint-louis\\\/sejour-grenade-2025-jours-1-et-2\\\/\"},\"author\":{\"name\":\"domavry\",\"@id\":\"https:\\\/\\\/saintlouis-lapaix.com\\\/college-saint-louis\\\/#\\\/schema\\\/person\\\/22c443ce65337ce52181432a0d0b75af\"},\"headline\":\"S\u00e9jour Grenade 2025 Jours 1 et 2\",\"datePublished\":\"2025-03-27T11:27:16+00:00\",\"dateModified\":\"2025-12-12T03:25:46+00:00\",\"mainEntityOfPage\":{\"@id\":\"https:\\\/\\\/saintlouis-lapaix.com\\\/college-saint-louis\\\/sejour-grenade-2025-jours-1-et-2\\\/\"},\"wordCount\":110,\"image\":{\"@id\":\"https:\\\/\\\/saintlouis-lapaix.com\\\/college-saint-louis\\\/sejour-grenade-2025-jours-1-et-2\\\/#primaryimage\"},\"thumbnailUrl\":\"https:\\\/\\\/saintlouis-lapaix.com\\\/college-saint-louis\\\/wp-content\\\/uploads\\\/sites\\\/2\\\/2025\\\/03\\\/IMG_0987-scaled.jpeg\",\"articleSection\":[\"internationnal\"],\"inLanguage\":\"fr-FR\"},{\"@type\":\"WebPage\",\"@id\":\"https:\\\/\\\/saintlouis-lapaix.com\\\/college-saint-louis\\\/sejour-grenade-2025-jours-1-et-2\\\/\",\"url\":\"https:\\\/\\\/saintlouis-lapaix.com\\\/college-saint-louis\\\/sejour-grenade-2025-jours-1-et-2\\\/\",\"name\":\"S\u00e9jour Grenade 2025 Jours 1 et 2 - Coll\u00e8ge Saint Louis\",\"isPartOf\":{\"@id\":\"https:\\\/\\\/saintlouis-lapaix.com\\\/college-saint-louis\\\/#website\"},\"primaryImageOfPage\":{\"@id\":\"https:\\\/\\\/saintlouis-lapaix.com\\\/college-saint-louis\\\/sejour-grenade-2025-jours-1-et-2\\\/#primaryimage\"},\"image\":{\"@id\":\"https:\\\/\\\/saintlouis-lapaix.com\\\/college-saint-louis\\\/sejour-grenade-2025-jours-1-et-2\\\/#primaryimage\"},\"thumbnailUrl\":\"https:\\\/\\\/saintlouis-lapaix.com\\\/college-saint-louis\\\/wp-content\\\/uploads\\\/sites\\\/2\\\/2025\\\/03\\\/IMG_0987-scaled.jpeg\",\"datePublished\":\"2025-03-27T11:27:16+00:00\",\"dateModified\":\"2025-12-12T03:25:46+00:00\",\"author\":{\"@id\":\"https:\\\/\\\/saintlouis-lapaix.com\\\/college-saint-louis\\\/#\\\/schema\\\/person\\\/22c443ce65337ce52181432a0d0b75af\"},\"breadcrumb\":{\"@id\":\"https:\\\/\\\/saintlouis-lapaix.com\\\/college-saint-louis\\\/sejour-grenade-2025-jours-1-et-2\\\/#breadcrumb\"},\"inLanguage\":\"fr-FR\",\"potentialAction\":[{\"@type\":\"ReadAction\",\"target\":[\"https:\\\/\\\/saintlouis-lapaix.com\\\/college-saint-louis\\\/sejour-grenade-2025-jours-1-et-2\\\/\"]}]},{\"@type\":\"ImageObject\",\"inLanguage\":\"fr-FR\",\"@id\":\"https:\\\/\\\/saintlouis-lapaix.com\\\/college-saint-louis\\\/sejour-grenade-2025-jours-1-et-2\\\/#primaryimage\",\"url\":\"https:\\\/\\\/saintlouis-lapaix.com\\\/college-saint-louis\\\/wp-content\\\/uploads\\\/sites\\\/2\\\/2025\\\/03\\\/IMG_0987-scaled.jpeg\",\"contentUrl\":\"https:\\\/\\\/saintlouis-lapaix.com\\\/college-saint-louis\\\/wp-content\\\/uploads\\\/sites\\\/2\\\/2025\\\/03\\\/IMG_0987-scaled.jpeg\",\"width\":1920,\"height\":2560},{\"@type\":\"BreadcrumbList\",\"@id\":\"https:\\\/\\\/saintlouis-lapaix.com\\\/college-saint-louis\\\/sejour-grenade-2025-jours-1-et-2\\\/#breadcrumb\",\"itemListElement\":[{\"@type\":\"ListItem\",\"position\":1,\"name\":\"Accueil\",\"item\":\"https:\\\/\\\/saintlouis-lapaix.com\\\/college-saint-louis\\\/\"},{\"@type\":\"ListItem\",\"position\":2,\"name\":\"S\u00e9jour Grenade 2025 Jours 1 et 2\"}]},{\"@type\":\"WebSite\",\"@id\":\"https:\\\/\\\/saintlouis-lapaix.com\\\/college-saint-louis\\\/#website\",\"url\":\"https:\\\/\\\/saintlouis-lapaix.com\\\/college-saint-louis\\\/\",\"name\":\"Coll\u00e8ge Saint Louis\",\"description\":\"\",\"potentialAction\":[{\"@type\":\"SearchAction\",\"target\":{\"@type\":\"EntryPoint\",\"urlTemplate\":\"https:\\\/\\\/saintlouis-lapaix.com\\\/college-saint-louis\\\/?s={search_term_string}\"},\"query-input\":{\"@type\":\"PropertyValueSpecification\",\"valueRequired\":true,\"valueName\":\"search_term_string\"}}],\"inLanguage\":\"fr-FR\"},{\"@type\":\"Person\",\"@id\":\"https:\\\/\\\/saintlouis-lapaix.com\\\/college-saint-louis\\\/#\\\/schema\\\/person\\\/22c443ce65337ce52181432a0d0b75af\",\"name\":\"domavry\",\"image\":{\"@type\":\"ImageObject\",\"inLanguage\":\"fr-FR\",\"@id\":\"https:\\\/\\\/secure.gravatar.com\\\/avatar\\\/e969431ad2a54bc7e4467e8d136dd061564b2de8d59fd8f212e4c7aabfe3af3e?s=96&d=mm&r=g\",\"url\":\"https:\\\/\\\/secure.gravatar.com\\\/avatar\\\/e969431ad2a54bc7e4467e8d136dd061564b2de8d59fd8f212e4c7aabfe3af3e?s=96&d=mm&r=g\",\"contentUrl\":\"https:\\\/\\\/secure.gravatar.com\\\/avatar\\\/e969431ad2a54bc7e4467e8d136dd061564b2de8d59fd8f212e4c7aabfe3af3e?s=96&d=mm&r=g\",\"caption\":\"domavry\"},\"url\":\"https:\\\/\\\/saintlouis-lapaix.com\\\/college-saint-louis\\\/author\\\/domavry\\\/\"}]}<\/script>\n<!-- \/ Yoast SEO plugin. -->","yoast_head_json":{"title":"S\u00e9jour Grenade 2025 Jours 1 et 2 - Coll\u00e8ge Saint Louis","robots":{"index":"index","follow":"follow","max-snippet":"max-snippet:-1","max-image-preview":"max-image-preview:large","max-video-preview":"max-video-preview:-1"},"canonical":"https:\/\/saintlouis-lapaix.com\/college-saint-louis\/sejour-grenade-2025-jours-1-et-2\/","og_locale":"fr_FR","og_type":"article","og_title":"S\u00e9jour Grenade 2025 Jours 1 et 2 - Coll\u00e8ge Saint Louis","og_description":"Apr\u00e8s un d\u00e9part de Lorient le mardi 25 \u00e0 5H15, de bonne heure et de bonne humeur, un vol Nantes&hellip;","og_url":"https:\/\/saintlouis-lapaix.com\/college-saint-louis\/sejour-grenade-2025-jours-1-et-2\/","og_site_name":"Coll\u00e8ge Saint Louis","article_published_time":"2025-03-27T11:27:16+00:00","article_modified_time":"2025-12-12T03:25:46+00:00","og_image":[{"width":1920,"height":2560,"url":"https:\/\/saintlouis-lapaix.com\/college-saint-louis\/wp-content\/uploads\/sites\/2\/2025\/03\/IMG_0987-scaled.jpeg","type":"image\/jpeg"}],"author":"domavry","twitter_card":"summary_large_image","twitter_misc":{"\u00c9crit par":"domavry","Dur\u00e9e de lecture estim\u00e9e":"4 minutes"},"schema":{"@context":"https:\/\/schema.org","@graph":[{"@type":"Article","@id":"https:\/\/saintlouis-lapaix.com\/college-saint-louis\/sejour-grenade-2025-jours-1-et-2\/#article","isPartOf":{"@id":"https:\/\/saintlouis-lapaix.com\/college-saint-louis\/sejour-grenade-2025-jours-1-et-2\/"},"author":{"name":"domavry","@id":"https:\/\/saintlouis-lapaix.com\/college-saint-louis\/#\/schema\/person\/22c443ce65337ce52181432a0d0b75af"},"headline":"S\u00e9jour Grenade 2025 Jours 1 et 2","datePublished":"2025-03-27T11:27:16+00:00","dateModified":"2025-12-12T03:25:46+00:00","mainEntityOfPage":{"@id":"https:\/\/saintlouis-lapaix.com\/college-saint-louis\/sejour-grenade-2025-jours-1-et-2\/"},"wordCount":110,"image":{"@id":"https:\/\/saintlouis-lapaix.com\/college-saint-louis\/sejour-grenade-2025-jours-1-et-2\/#primaryimage"},"thumbnailUrl":"https:\/\/saintlouis-lapaix.com\/college-saint-louis\/wp-content\/uploads\/sites\/2\/2025\/03\/IMG_0987-scaled.jpeg","articleSection":["internationnal"],"inLanguage":"fr-FR"},{"@type":"WebPage","@id":"https:\/\/saintlouis-lapaix.com\/college-saint-louis\/sejour-grenade-2025-jours-1-et-2\/","url":"https:\/\/saintlouis-lapaix.com\/college-saint-louis\/sejour-grenade-2025-jours-1-et-2\/","name":"S\u00e9jour Grenade 2025 Jours 1 et 2 - Coll\u00e8ge Saint Louis","isPartOf":{"@id":"https:\/\/saintlouis-lapaix.com\/college-saint-louis\/#website"},"primaryImageOfPage":{"@id":"https:\/\/saintlouis-lapaix.com\/college-saint-louis\/sejour-grenade-2025-jours-1-et-2\/#primaryimage"},"image":{"@id":"https:\/\/saintlouis-lapaix.com\/college-saint-louis\/sejour-grenade-2025-jours-1-et-2\/#primaryimage"},"thumbnailUrl":"https:\/\/saintlouis-lapaix.com\/college-saint-louis\/wp-content\/uploads\/sites\/2\/2025\/03\/IMG_0987-scaled.jpeg","datePublished":"2025-03-27T11:27:16+00:00","dateModified":"2025-12-12T03:25:46+00:00","author":{"@id":"https:\/\/saintlouis-lapaix.com\/college-saint-louis\/#\/schema\/person\/22c443ce65337ce52181432a0d0b75af"},"breadcrumb":{"@id":"https:\/\/saintlouis-lapaix.com\/college-saint-louis\/sejour-grenade-2025-jours-1-et-2\/#breadcrumb"},"inLanguage":"fr-FR","potentialAction":[{"@type":"ReadAction","target":["https:\/\/saintlouis-lapaix.com\/college-saint-louis\/sejour-grenade-2025-jours-1-et-2\/"]}]},{"@type":"ImageObject","inLanguage":"fr-FR","@id":"https:\/\/saintlouis-lapaix.com\/college-saint-louis\/sejour-grenade-2025-jours-1-et-2\/#primaryimage","url":"https:\/\/saintlouis-lapaix.com\/college-saint-louis\/wp-content\/uploads\/sites\/2\/2025\/03\/IMG_0987-scaled.jpeg","contentUrl":"https:\/\/saintlouis-lapaix.com\/college-saint-louis\/wp-content\/uploads\/sites\/2\/2025\/03\/IMG_0987-scaled.jpeg","width":1920,"height":2560},{"@type":"BreadcrumbList","@id":"https:\/\/saintlouis-lapaix.com\/college-saint-louis\/sejour-grenade-2025-jours-1-et-2\/#breadcrumb","itemListElement":[{"@type":"ListItem","position":1,"name":"Accueil","item":"https:\/\/saintlouis-lapaix.com\/college-saint-louis\/"},{"@type":"ListItem","position":2,"name":"S\u00e9jour Grenade 2025 Jours 1 et 2"}]},{"@type":"WebSite","@id":"https:\/\/saintlouis-lapaix.com\/college-saint-louis\/#website","url":"https:\/\/saintlouis-lapaix.com\/college-saint-louis\/","name":"Coll\u00e8ge Saint Louis","description":"","potentialAction":[{"@type":"SearchAction","target":{"@type":"EntryPoint","urlTemplate":"https:\/\/saintlouis-lapaix.com\/college-saint-louis\/?s={search_term_string}"},"query-input":{"@type":"PropertyValueSpecification","valueRequired":true,"valueName":"search_term_string"}}],"inLanguage":"fr-FR"},{"@type":"Person","@id":"https:\/\/saintlouis-lapaix.com\/college-saint-louis\/#\/schema\/person\/22c443ce65337ce52181432a0d0b75af","name":"domavry","image":{"@type":"ImageObject","inLanguage":"fr-FR","@id":"https:\/\/secure.gravatar.com\/avatar\/e969431ad2a54bc7e4467e8d136dd061564b2de8d59fd8f212e4c7aabfe3af3e?s=96&d=mm&r=g","url":"https:\/\/secure.gravatar.com\/avatar\/e969431ad2a54bc7e4467e8d136dd061564b2de8d59fd8f212e4c7aabfe3af3e?s=96&d=mm&r=g","contentUrl":"https:\/\/secure.gravatar.com\/avatar\/e969431ad2a54bc7e4467e8d136dd061564b2de8d59fd8f212e4c7aabfe3af3e?s=96&d=mm&r=g","caption":"domavry"},"url":"https:\/\/saintlouis-lapaix.com\/college-saint-louis\/author\/domavry\/"}]}},"_links":{"self":[{"href":"https:\/\/saintlouis-lapaix.com\/college-saint-louis\/wp-json\/wp\/v2\/posts\/15741","targetHints":{"allow":["GET"]}}],"collection":[{"href":"https:\/\/saintlouis-lapaix.com\/college-saint-louis\/wp-json\/wp\/v2\/posts"}],"about":[{"href":"https:\/\/saintlouis-lapaix.com\/college-saint-louis\/wp-json\/wp\/v2\/types\/post"}],"author":[{"embeddable":true,"href":"https:\/\/saintlouis-lapaix.com\/college-saint-louis\/wp-json\/wp\/v2\/users\/4"}],"replies":[{"embeddable":true,"href":"https:\/\/saintlouis-lapaix.com\/college-saint-louis\/wp-json\/wp\/v2\/comments?post=15741"}],"version-history":[{"count":3,"href":"https:\/\/saintlouis-lapaix.com\/college-saint-louis\/wp-json\/wp\/v2\/posts\/15741\/revisions"}],"predecessor-version":[{"id":15757,"href":"https:\/\/saintlouis-lapaix.com\/college-saint-louis\/wp-json\/wp\/v2\/posts\/15741\/revisions\/15757"}],"wp:featuredmedia":[{"embeddable":true,"href":"https:\/\/saintlouis-lapaix.com\/college-saint-louis\/wp-json\/wp\/v2\/media\/15742"}],"wp:attachment":[{"href":"https:\/\/saintlouis-lapaix.com\/college-saint-louis\/wp-json\/wp\/v2\/media?parent=15741"}],"wp:term":[{"taxonomy":"category","embeddable":true,"href":"https:\/\/saintlouis-lapaix.com\/college-saint-louis\/wp-json\/wp\/v2\/categories?post=15741"},{"taxonomy":"post_tag","embeddable":true,"href":"https:\/\/saintlouis-lapaix.com\/college-saint-louis\/wp-json\/wp\/v2\/tags?post=15741"}],"curies":[{"name":"wp","href":"https:\/\/api.w.org\/{rel}","templated":true}]}}